{"id":538,"date":"2016-04-03T12:00:06","date_gmt":"2016-04-03T10:00:06","guid":{"rendered":"http:\/\/esponsorama.ad\/?p=538"},"modified":"2016-07-20T17:19:27","modified_gmt":"2016-07-20T15:19:27","slug":"fantastic-cinque-lloc-per-en-barbera-a-argentina-mala-sort-per-en-baz","status":"publish","type":"post","link":"http:\/\/esponsorama.ad\/ca\/fantastic-cinque-lloc-per-en-barbera-a-argentina-mala-sort-per-en-baz\/","title":{"rendered":"Fant\u00e0stic cinqu\u00e8 lloc per en Barber\u00e1 a Argentina, mala sort per en Baz"},"content":{"rendered":"<p>El pilot d\u2019Avintia Racing, l\u2019H\u00e9ctor Barber\u00e1, ha creuat la meta cinqu\u00e8 en una intensa carrera marcada per l&#8217;obligatorietat d&#8217;aturar-se a canviar de moto per seguretat, despr\u00e9s dels problemes experimentats per l\u2019Scott Redding amb un pneum\u00e0tic en els entrenaments de dissabte. Barber\u00e1 ha realitzat una sortida excel\u00b7lent des de la vuitena posici\u00f3 de la graella per col\u00b7locar-se r\u00e0pidament en el grup del davant, i despr\u00e9s de canviar de moto a la novena volta, ha estat tota la cursa lluitant amb en Pol Espargar\u00f3. En una \u00faltima volta d&#8217;infart, en qu\u00e8 diversos pilots de davant han caigut, Barber\u00e1 ha guanyat la batalla al seu compatriota per creuar la meta cinqu\u00e8. Un gran resultat despr\u00e9s de passar gaireb\u00e9 tot el cap de setmana amb febre.<\/p>\n<p>L&#8217;alegria den Barber\u00e0 ha contrastat amb la decepci\u00f3 de Loris Baz. El pilot franc\u00e8s d\u2019Avintia Racing ha entrat per davant del seu company d&#8217;equip a canviar de moto despr\u00e9s de sortir des de la cinquena l\u00ednia de la graella, per\u00f2 un problema amb el pneum\u00e0tic del darrere, no li ha perm\u00e8s seguir en pista amb seguretat i ha tingut que retirar-se. Una veritable ll\u00e0stima perqu\u00e8 Baz tenia ritme per estar lluitant amb Barber\u00e1 pel top cinc.<\/p>\n<p>El Campionat del M\u00f3n de MotoGP viatja ara als Estats Units per disputar el Gran Premi de les Am\u00e8riques a Austin, Texas, el proper cap de setmana.<\/p>\n<p><strong>H\u00c9CTOR BARBER\u00c1 #8 \/ @HectorBarbera P5<\/strong><\/p>\n<p>&#8220;Estic molt content perqu\u00e8 en general el cap de setmana ha estat molt estrany, per\u00f2 al final la feina sempre t\u00e9 recompensa. Aquest mat\u00ed en el warm up amb aigua m&#8217;he trobat molt b\u00e9 i despr\u00e9s la cursa ha estat amb les pitjors condicions per a mi. Quan la pista est\u00e0 mig seca, mig mullada em poso molt tens i dins la graella sabia que seria una carrera complicada. El meu t\u00e8cnic Jarno m&#8217;ha dit que ho prov\u00e9s, que estar darrere no tenia sentit, li he fet cas i de seguida he vist que avui es podia fer b\u00e9. He comen\u00e7at a creure m\u00e9s en mi i a anar m\u00e9s c\u00f2mode lluitant, primer amb el meu company d&#8217;equip, l\u2019Loris i despr\u00e9s amb en Pol. En l&#8217;\u00faltima volta ens hem passat diverses vegades i ens hem anat llargs, cosa que ha aprofitat Laverty per treure\u2019m la quarta posici\u00f3 per molt poc. Per\u00f2 despr\u00e9s de tot el cap de setmana aquest cinqu\u00e8 lloc est\u00e0 molt b\u00e9 &#8220;.<\/p>\n<p><strong>LORIS BAZ #76 \/ @lorisbaz DNF<\/strong><\/p>\n<p>&#8220;Estic molt decebut perqu\u00e8 est\u00e0vem fent una gran carrera, lluitant per acabar com a millor moto privada i lluitant entre els deu primers en la primera part de la cursa. Abans de canviar de moto anava set\u00e8 i molt c\u00f2mode, per\u00f2 quan he fet el canvi no ha funcionat. En un parell de voltes gaireb\u00e9 em mato mil vegades i no s\u00e9 encara qu\u00e8 ha pogut passar. L&#8217;\u00fanica cosa clara \u00e9s que era molt arriscat continuar aix\u00ed i per aix\u00f2 he decidit abandonar. \u00c9s la segona vegada en la meva vida que abandono una carrera, per\u00f2 no podia fer res m\u00e9s. Quan veig com ha acabat la carrera m&#8217;enfado encara m\u00e9s, perqu\u00e8 crec que avui podia haver acabat quart sense problemes. La part positiva \u00e9s que hem tingut ritme i, sobretot, que Texas \u00e9s la pr\u00f2xima setmana &#8220;.<\/p>\n","protected":false},"excerpt":{"rendered":"<p>El pilot d\u2019Avintia Racing, l\u2019H\u00e9ctor Barber\u00e1, ha creuat la meta cinqu\u00e8 en una intensa carrera marcada per l&#8217;obligatorietat d&#8217;aturar-se a canviar de moto per seguretat, despr\u00e9s dels problemes experimentats per l\u2019Scott Redding amb un pneum\u00e0tic en els entrenaments de dissabte. Barber\u00e1 ha realitzat una sortida excel\u00b7lent des de la vuitena posici\u00f3 de la graella per [&hellip;]<\/p>\n","protected":false},"author":6,"featured_media":365,"comment_status":"closed","ping_status":"closed","sticky":false,"template":"","format":"standard","meta":{"footnotes":""},"categories":[3],"tags":[],"class_list":["post-538","post","type-post","status-publish","format-standard","has-post-thumbnail","hentry","category-motogp"],"yoast_head":"<!-- This site is optimized with the Yoast SEO plugin v27.1.1 - https:\/\/yoast.com\/product\/yoast-seo-wordpress\/ -->\n<title>Fant\u00e0stic cinqu\u00e8 lloc per en Barber\u00e1 a Argentina, mala sort per en Baz - Esponsorama<\/title>\n<meta name=\"robots\" content=\"index, follow, max-snippet:-1, max-image-preview:large, max-video-preview:-1\" \/>\n<link rel=\"canonical\" href=\"http:\/\/esponsorama.ad\/ca\/fantastic-cinque-lloc-per-en-barbera-a-argentina-mala-sort-per-en-baz\/\" \/>\n<meta property=\"og:locale\" content=\"it_IT\" \/>\n<meta property=\"og:type\" content=\"article\" \/>\n<meta property=\"og:title\" content=\"Fant\u00e0stic cinqu\u00e8 lloc per en Barber\u00e1 a Argentina, mala sort per en Baz - Esponsorama\" \/>\n<meta property=\"og:description\" content=\"El pilot d\u2019Avintia Racing, l\u2019H\u00e9ctor Barber\u00e1, ha creuat la meta cinqu\u00e8 en una intensa carrera marcada per l&#8217;obligatorietat d&#8217;aturar-se a canviar de moto per seguretat, despr\u00e9s dels problemes experimentats per l\u2019Scott Redding amb un pneum\u00e0tic en els entrenaments de dissabte. Barber\u00e1 ha realitzat una sortida excel\u00b7lent des de la vuitena posici\u00f3 de la graella per [&hellip;]\" \/>\n<meta property=\"og:url\" content=\"http:\/\/esponsorama.ad\/ca\/fantastic-cinque-lloc-per-en-barbera-a-argentina-mala-sort-per-en-baz\/\" \/>\n<meta property=\"og:site_name\" content=\"Esponsorama\" \/>\n<meta property=\"article:published_time\" content=\"2016-04-03T10:00:06+00:00\" \/>\n<meta property=\"article:modified_time\" content=\"2016-07-20T15:19:27+00:00\" \/>\n<meta property=\"og:image\" content=\"http:\/\/esponsorama.ad\/wp-content\/uploads\/2016\/06\/02_TERMAS-6206.jpg\" \/>\n\t<meta property=\"og:image:width\" content=\"4095\" \/>\n\t<meta property=\"og:image:height\" content=\"2730\" \/>\n\t<meta property=\"og:image:type\" content=\"image\/jpeg\" \/>\n<meta name=\"author\" content=\"Xavi Andornet\" \/>\n<meta name=\"twitter:card\" content=\"summary_large_image\" \/>\n<meta name=\"twitter:label1\" content=\"Written by\" \/>\n\t<meta name=\"twitter:data1\" content=\"Xavi Andornet\" \/>\n\t<meta name=\"twitter:label2\" content=\"Est. reading time\" \/>\n\t<meta name=\"twitter:data2\" content=\"3 minutes\" \/>\n<script type=\"application\/ld+json\" class=\"yoast-schema-graph\">{\"@context\":\"https:\/\/schema.org\",\"@graph\":[{\"@type\":\"Article\",\"@id\":\"http:\/\/esponsorama.ad\/ca\/fantastic-cinque-lloc-per-en-barbera-a-argentina-mala-sort-per-en-baz\/#article\",\"isPartOf\":{\"@id\":\"http:\/\/esponsorama.ad\/ca\/fantastic-cinque-lloc-per-en-barbera-a-argentina-mala-sort-per-en-baz\/\"},\"author\":{\"name\":\"Xavi Andornet\",\"@id\":\"http:\/\/esponsorama.ad\/es\/#\/schema\/person\/a5cde74945183d737066e46b61c6f9c4\"},\"headline\":\"Fant\u00e0stic cinqu\u00e8 lloc per en Barber\u00e1 a Argentina, mala sort per en Baz\",\"datePublished\":\"2016-04-03T10:00:06+00:00\",\"dateModified\":\"2016-07-20T15:19:27+00:00\",\"mainEntityOfPage\":{\"@id\":\"http:\/\/esponsorama.ad\/ca\/fantastic-cinque-lloc-per-en-barbera-a-argentina-mala-sort-per-en-baz\/\"},\"wordCount\":587,\"image\":{\"@id\":\"http:\/\/esponsorama.ad\/ca\/fantastic-cinque-lloc-per-en-barbera-a-argentina-mala-sort-per-en-baz\/#primaryimage\"},\"thumbnailUrl\":\"http:\/\/esponsorama.ad\/wp-content\/uploads\/2016\/06\/02_TERMAS-6206.jpg\",\"articleSection\":[\"MotoGP\"],\"inLanguage\":\"it-IT\"},{\"@type\":\"WebPage\",\"@id\":\"http:\/\/esponsorama.ad\/ca\/fantastic-cinque-lloc-per-en-barbera-a-argentina-mala-sort-per-en-baz\/\",\"url\":\"http:\/\/esponsorama.ad\/ca\/fantastic-cinque-lloc-per-en-barbera-a-argentina-mala-sort-per-en-baz\/\",\"name\":\"Fant\u00e0stic cinqu\u00e8 lloc per en Barber\u00e1 a Argentina, mala sort per en Baz - Esponsorama\",\"isPartOf\":{\"@id\":\"http:\/\/esponsorama.ad\/es\/#website\"},\"primaryImageOfPage\":{\"@id\":\"http:\/\/esponsorama.ad\/ca\/fantastic-cinque-lloc-per-en-barbera-a-argentina-mala-sort-per-en-baz\/#primaryimage\"},\"image\":{\"@id\":\"http:\/\/esponsorama.ad\/ca\/fantastic-cinque-lloc-per-en-barbera-a-argentina-mala-sort-per-en-baz\/#primaryimage\"},\"thumbnailUrl\":\"http:\/\/esponsorama.ad\/wp-content\/uploads\/2016\/06\/02_TERMAS-6206.jpg\",\"datePublished\":\"2016-04-03T10:00:06+00:00\",\"dateModified\":\"2016-07-20T15:19:27+00:00\",\"author\":{\"@id\":\"http:\/\/esponsorama.ad\/es\/#\/schema\/person\/a5cde74945183d737066e46b61c6f9c4\"},\"breadcrumb\":{\"@id\":\"http:\/\/esponsorama.ad\/ca\/fantastic-cinque-lloc-per-en-barbera-a-argentina-mala-sort-per-en-baz\/#breadcrumb\"},\"inLanguage\":\"it-IT\",\"potentialAction\":[{\"@type\":\"ReadAction\",\"target\":[\"http:\/\/esponsorama.ad\/ca\/fantastic-cinque-lloc-per-en-barbera-a-argentina-mala-sort-per-en-baz\/\"]}]},{\"@type\":\"ImageObject\",\"inLanguage\":\"it-IT\",\"@id\":\"http:\/\/esponsorama.ad\/ca\/fantastic-cinque-lloc-per-en-barbera-a-argentina-mala-sort-per-en-baz\/#primaryimage\",\"url\":\"http:\/\/esponsorama.ad\/wp-content\/uploads\/2016\/06\/02_TERMAS-6206.jpg\",\"contentUrl\":\"http:\/\/esponsorama.ad\/wp-content\/uploads\/2016\/06\/02_TERMAS-6206.jpg\",\"width\":4095,\"height\":2730},{\"@type\":\"BreadcrumbList\",\"@id\":\"http:\/\/esponsorama.ad\/ca\/fantastic-cinque-lloc-per-en-barbera-a-argentina-mala-sort-per-en-baz\/#breadcrumb\",\"itemListElement\":[{\"@type\":\"ListItem\",\"position\":1,\"name\":\"Home\",\"item\":\"http:\/\/esponsorama.ad\/en\/\"},{\"@type\":\"ListItem\",\"position\":2,\"name\":\"Fant\u00e0stic cinqu\u00e8 lloc per en Barber\u00e1 a Argentina, mala sort per en Baz\"}]},{\"@type\":\"WebSite\",\"@id\":\"http:\/\/esponsorama.ad\/es\/#website\",\"url\":\"http:\/\/esponsorama.ad\/es\/\",\"name\":\"Esponsorama\",\"description\":\"Specialist in motorsport sponsorship and event promotions\",\"potentialAction\":[{\"@type\":\"SearchAction\",\"target\":{\"@type\":\"EntryPoint\",\"urlTemplate\":\"http:\/\/esponsorama.ad\/es\/?s={search_term_string}\"},\"query-input\":{\"@type\":\"PropertyValueSpecification\",\"valueRequired\":true,\"valueName\":\"search_term_string\"}}],\"inLanguage\":\"it-IT\"},{\"@type\":\"Person\",\"@id\":\"http:\/\/esponsorama.ad\/es\/#\/schema\/person\/a5cde74945183d737066e46b61c6f9c4\",\"name\":\"Xavi Andornet\",\"image\":{\"@type\":\"ImageObject\",\"inLanguage\":\"it-IT\",\"@id\":\"http:\/\/esponsorama.ad\/es\/#\/schema\/person\/image\/\",\"url\":\"https:\/\/secure.gravatar.com\/avatar\/f10eaf9ad601244a2357c9fd7cd9805ed166cfaaf76d5d9ab08a9d873e70147a?s=96&d=mm&r=g\",\"contentUrl\":\"https:\/\/secure.gravatar.com\/avatar\/f10eaf9ad601244a2357c9fd7cd9805ed166cfaaf76d5d9ab08a9d873e70147a?s=96&d=mm&r=g\",\"caption\":\"Xavi Andornet\"},\"sameAs\":[\"http:\/\/www.andornet.ad\"],\"url\":\"http:\/\/esponsorama.ad\/it\/author\/andornet\/\"}]}<\/script>\n<!-- \/ Yoast SEO plugin. -->","yoast_head_json":{"title":"Fant\u00e0stic cinqu\u00e8 lloc per en Barber\u00e1 a Argentina, mala sort per en Baz - Esponsorama","robots":{"index":"index","follow":"follow","max-snippet":"max-snippet:-1","max-image-preview":"max-image-preview:large","max-video-preview":"max-video-preview:-1"},"canonical":"http:\/\/esponsorama.ad\/ca\/fantastic-cinque-lloc-per-en-barbera-a-argentina-mala-sort-per-en-baz\/","og_locale":"it_IT","og_type":"article","og_title":"Fant\u00e0stic cinqu\u00e8 lloc per en Barber\u00e1 a Argentina, mala sort per en Baz - Esponsorama","og_description":"El pilot d\u2019Avintia Racing, l\u2019H\u00e9ctor Barber\u00e1, ha creuat la meta cinqu\u00e8 en una intensa carrera marcada per l&#8217;obligatorietat d&#8217;aturar-se a canviar de moto per seguretat, despr\u00e9s dels problemes experimentats per l\u2019Scott Redding amb un pneum\u00e0tic en els entrenaments de dissabte. Barber\u00e1 ha realitzat una sortida excel\u00b7lent des de la vuitena posici\u00f3 de la graella per [&hellip;]","og_url":"http:\/\/esponsorama.ad\/ca\/fantastic-cinque-lloc-per-en-barbera-a-argentina-mala-sort-per-en-baz\/","og_site_name":"Esponsorama","article_published_time":"2016-04-03T10:00:06+00:00","article_modified_time":"2016-07-20T15:19:27+00:00","og_image":[{"width":4095,"height":2730,"url":"http:\/\/esponsorama.ad\/wp-content\/uploads\/2016\/06\/02_TERMAS-6206.jpg","type":"image\/jpeg"}],"author":"Xavi Andornet","twitter_card":"summary_large_image","twitter_misc":{"Written by":"Xavi Andornet","Est. reading time":"3 minutes"},"schema":{"@context":"https:\/\/schema.org","@graph":[{"@type":"Article","@id":"http:\/\/esponsorama.ad\/ca\/fantastic-cinque-lloc-per-en-barbera-a-argentina-mala-sort-per-en-baz\/#article","isPartOf":{"@id":"http:\/\/esponsorama.ad\/ca\/fantastic-cinque-lloc-per-en-barbera-a-argentina-mala-sort-per-en-baz\/"},"author":{"name":"Xavi Andornet","@id":"http:\/\/esponsorama.ad\/es\/#\/schema\/person\/a5cde74945183d737066e46b61c6f9c4"},"headline":"Fant\u00e0stic cinqu\u00e8 lloc per en Barber\u00e1 a Argentina, mala sort per en Baz","datePublished":"2016-04-03T10:00:06+00:00","dateModified":"2016-07-20T15:19:27+00:00","mainEntityOfPage":{"@id":"http:\/\/esponsorama.ad\/ca\/fantastic-cinque-lloc-per-en-barbera-a-argentina-mala-sort-per-en-baz\/"},"wordCount":587,"image":{"@id":"http:\/\/esponsorama.ad\/ca\/fantastic-cinque-lloc-per-en-barbera-a-argentina-mala-sort-per-en-baz\/#primaryimage"},"thumbnailUrl":"http:\/\/esponsorama.ad\/wp-content\/uploads\/2016\/06\/02_TERMAS-6206.jpg","articleSection":["MotoGP"],"inLanguage":"it-IT"},{"@type":"WebPage","@id":"http:\/\/esponsorama.ad\/ca\/fantastic-cinque-lloc-per-en-barbera-a-argentina-mala-sort-per-en-baz\/","url":"http:\/\/esponsorama.ad\/ca\/fantastic-cinque-lloc-per-en-barbera-a-argentina-mala-sort-per-en-baz\/","name":"Fant\u00e0stic cinqu\u00e8 lloc per en Barber\u00e1 a Argentina, mala sort per en Baz - Esponsorama","isPartOf":{"@id":"http:\/\/esponsorama.ad\/es\/#website"},"primaryImageOfPage":{"@id":"http:\/\/esponsorama.ad\/ca\/fantastic-cinque-lloc-per-en-barbera-a-argentina-mala-sort-per-en-baz\/#primaryimage"},"image":{"@id":"http:\/\/esponsorama.ad\/ca\/fantastic-cinque-lloc-per-en-barbera-a-argentina-mala-sort-per-en-baz\/#primaryimage"},"thumbnailUrl":"http:\/\/esponsorama.ad\/wp-content\/uploads\/2016\/06\/02_TERMAS-6206.jpg","datePublished":"2016-04-03T10:00:06+00:00","dateModified":"2016-07-20T15:19:27+00:00","author":{"@id":"http:\/\/esponsorama.ad\/es\/#\/schema\/person\/a5cde74945183d737066e46b61c6f9c4"},"breadcrumb":{"@id":"http:\/\/esponsorama.ad\/ca\/fantastic-cinque-lloc-per-en-barbera-a-argentina-mala-sort-per-en-baz\/#breadcrumb"},"inLanguage":"it-IT","potentialAction":[{"@type":"ReadAction","target":["http:\/\/esponsorama.ad\/ca\/fantastic-cinque-lloc-per-en-barbera-a-argentina-mala-sort-per-en-baz\/"]}]},{"@type":"ImageObject","inLanguage":"it-IT","@id":"http:\/\/esponsorama.ad\/ca\/fantastic-cinque-lloc-per-en-barbera-a-argentina-mala-sort-per-en-baz\/#primaryimage","url":"http:\/\/esponsorama.ad\/wp-content\/uploads\/2016\/06\/02_TERMAS-6206.jpg","contentUrl":"http:\/\/esponsorama.ad\/wp-content\/uploads\/2016\/06\/02_TERMAS-6206.jpg","width":4095,"height":2730},{"@type":"BreadcrumbList","@id":"http:\/\/esponsorama.ad\/ca\/fantastic-cinque-lloc-per-en-barbera-a-argentina-mala-sort-per-en-baz\/#breadcrumb","itemListElement":[{"@type":"ListItem","position":1,"name":"Home","item":"http:\/\/esponsorama.ad\/en\/"},{"@type":"ListItem","position":2,"name":"Fant\u00e0stic cinqu\u00e8 lloc per en Barber\u00e1 a Argentina, mala sort per en Baz"}]},{"@type":"WebSite","@id":"http:\/\/esponsorama.ad\/es\/#website","url":"http:\/\/esponsorama.ad\/es\/","name":"Esponsorama","description":"Specialist in motorsport sponsorship and event promotions","potentialAction":[{"@type":"SearchAction","target":{"@type":"EntryPoint","urlTemplate":"http:\/\/esponsorama.ad\/es\/?s={search_term_string}"},"query-input":{"@type":"PropertyValueSpecification","valueRequired":true,"valueName":"search_term_string"}}],"inLanguage":"it-IT"},{"@type":"Person","@id":"http:\/\/esponsorama.ad\/es\/#\/schema\/person\/a5cde74945183d737066e46b61c6f9c4","name":"Xavi Andornet","image":{"@type":"ImageObject","inLanguage":"it-IT","@id":"http:\/\/esponsorama.ad\/es\/#\/schema\/person\/image\/","url":"https:\/\/secure.gravatar.com\/avatar\/f10eaf9ad601244a2357c9fd7cd9805ed166cfaaf76d5d9ab08a9d873e70147a?s=96&d=mm&r=g","contentUrl":"https:\/\/secure.gravatar.com\/avatar\/f10eaf9ad601244a2357c9fd7cd9805ed166cfaaf76d5d9ab08a9d873e70147a?s=96&d=mm&r=g","caption":"Xavi Andornet"},"sameAs":["http:\/\/www.andornet.ad"],"url":"http:\/\/esponsorama.ad\/it\/author\/andornet\/"}]}},"_links":{"self":[{"href":"http:\/\/esponsorama.ad\/it\/wp-json\/wp\/v2\/posts\/538","targetHints":{"allow":["GET"]}}],"collection":[{"href":"http:\/\/esponsorama.ad\/it\/wp-json\/wp\/v2\/posts"}],"about":[{"href":"http:\/\/esponsorama.ad\/it\/wp-json\/wp\/v2\/types\/post"}],"author":[{"embeddable":true,"href":"http:\/\/esponsorama.ad\/it\/wp-json\/wp\/v2\/users\/6"}],"replies":[{"embeddable":true,"href":"http:\/\/esponsorama.ad\/it\/wp-json\/wp\/v2\/comments?post=538"}],"version-history":[{"count":0,"href":"http:\/\/esponsorama.ad\/it\/wp-json\/wp\/v2\/posts\/538\/revisions"}],"wp:featuredmedia":[{"embeddable":true,"href":"http:\/\/esponsorama.ad\/it\/wp-json\/wp\/v2\/media\/365"}],"wp:attachment":[{"href":"http:\/\/esponsorama.ad\/it\/wp-json\/wp\/v2\/media?parent=538"}],"wp:term":[{"taxonomy":"category","embeddable":true,"href":"http:\/\/esponsorama.ad\/it\/wp-json\/wp\/v2\/categories?post=538"},{"taxonomy":"post_tag","embeddable":true,"href":"http:\/\/esponsorama.ad\/it\/wp-json\/wp\/v2\/tags?post=538"}],"curies":[{"name":"wp","href":"https:\/\/api.w.org\/{rel}","templated":true}]}}