{"id":541,"date":"2016-07-20T17:31:39","date_gmt":"2016-07-20T15:31:39","guid":{"rendered":"http:\/\/esponsorama.ad\/?p=541"},"modified":"2016-07-20T19:57:19","modified_gmt":"2016-07-20T17:57:19","slug":"en-barbera-suma-el-seu-tercer-top-10-de-lany-en-una-dura-carrera-a-texas","status":"publish","type":"post","link":"http:\/\/esponsorama.ad\/ca\/en-barbera-suma-el-seu-tercer-top-10-de-lany-en-una-dura-carrera-a-texas\/","title":{"rendered":"En Barber\u00e0 suma el seu tercer top 10 de l&#8217;any en una dura carrera a Texas"},"content":{"rendered":"<p>El pilot d\u2019Avintia Racing, l\u2019H\u00e9ctor Barber\u00e1, ha acabat nov\u00e8 en una dura cursa a 21 voltes al Circuit de les Am\u00e8riques a Austin, Texas. Despr\u00e9s de sortir des de la 14a posici\u00f3 de la graella, a poc a poc ha anat escalant posicions per arribar a disputar-se la setena pla\u00e7a amb en Pol Espargar\u00f3 i en Michele Pirro. Un ensurt en les \u00faltimes voltes ha impedit lluitar fins a l&#8217;\u00faltima volta, per\u00f2 aquest ha estat un gran resultat i el tercer top 10 consecutiu de la temporada per al pilot espanyol.<\/p>\n<p>En Loris Baz ha fet una bona sortida des de la tercera l\u00ednia de la graella per\u00f2 s&#8217;ha caigut en la segona volta al perdre la roda davantera de la seva Ducati en la frenada del primer revolt. El pilot franc\u00e8s d\u2019Avintia Racing s&#8217;ha aixecat per veure la bandera de quadres 15e, sumant el seu primer punt de la temporada despr\u00e9s de caure a Qatar i retirar-se a Argentina.<\/p>\n<p>Per\u00f2 en general l&#8217;inici del Campionat del M\u00f3n de MotoGP ha estat molt positiu per a Avintia Racing, amb en Barber\u00e1 sempre entre els deu primers, i sis\u00e8 en la classificaci\u00f3 provisional abans d&#8217;arribar al Gran Premi d&#8217;Espanya a Jerez aqu\u00ed a un parell de setmanes.<\/p>\n<p><strong>H\u00c9CTOR BARBER\u00c1 #8 \/ @HectorBarbera P9<\/strong><\/p>\n<p>&#8220;Ha estat un cap de setmana bastant complicat perqu\u00e8 s&#8217;ha anat complicant cada dia. Potser jo tenia unes expectatives massa altes despr\u00e9s del cinqu\u00e8 lloc a Argentina, i crec que no ha estat bo, perqu\u00e8 durant tot el cap de setmana no he treballat com tocava. I aix\u00ed hem arribat avui a la carrera, amb moltes ganes, per\u00f2 potser amb una mica de feina per fer. \u00c9s una pista on pateixo molt amb l&#8217;avantbra\u00e7 i despr\u00e9s de la cinquena volta he sentit molt dolor. Al final he salvat els mobles amb un altre Top Ten i encara que tampoc compta molt, despr\u00e9s de tres carreres som la primera Ducati i estem sisens del campionat. &#8221;<\/p>\n<p><strong>LORIS BAZ #76 \/ @lorisbaz P15<\/strong><\/p>\n<p>&#8220;He sortit b\u00e9 i estava en el grup que tocava, per\u00f2 a segona volta, entrant al primer revolt anava a passar a en Bradl i he vist una moto que venia per dins directa cap a mi. He aixecat la moto per\u00f2 m&#8217;ha tocat i he caigut. No s\u00e9 qui ha estat, em diuen que en Bautista, per\u00f2 aix\u00ed s\u00f3n les carreres. Ha estat complicat acabar la carrera amb una estrep d&#8217;un cent\u00edmetre i mig, el basculant tocat i sense &#8216;shifter&#8217;, per\u00f2 els meus mec\u00e0nics i el meu equip es mereixien que acab\u00e9s la carrera despr\u00e9s de la bona feina feta durant tot el cap de setmana. Era complicat, perqu\u00e8 tamb\u00e9 em feia mal l&#8217;espatlla, per\u00f2 el ritme tampoc ha estat dolent. &#8221;<\/p>\n<p><strong>\u00a0<\/strong><\/p>\n","protected":false},"excerpt":{"rendered":"<p>El pilot d\u2019Avintia Racing, l\u2019H\u00e9ctor Barber\u00e1, ha acabat nov\u00e8 en una dura cursa a 21 voltes al Circuit de les Am\u00e8riques a Austin, Texas. Despr\u00e9s de sortir des de la 14a posici\u00f3 de la graella, a poc a poc ha anat escalant posicions per arribar a disputar-se la setena pla\u00e7a amb en Pol Espargar\u00f3 i [&hellip;]<\/p>\n","protected":false},"author":6,"featured_media":368,"comment_status":"closed","ping_status":"closed","sticky":false,"template":"","format":"standard","meta":{"footnotes":""},"categories":[3],"tags":[],"class_list":["post-541","post","type-post","status-publish","format-standard","has-post-thumbnail","hentry","category-motogp"],"yoast_head":"<!-- This site is optimized with the Yoast SEO plugin v27.1.1 - https:\/\/yoast.com\/product\/yoast-seo-wordpress\/ -->\n<title>En Barber\u00e0 suma el seu tercer top 10 de l&#039;any en una dura carrera a Texas - Esponsorama<\/title>\n<meta name=\"robots\" content=\"index, follow, max-snippet:-1, max-image-preview:large, max-video-preview:-1\" \/>\n<link rel=\"canonical\" href=\"http:\/\/esponsorama.ad\/ca\/en-barbera-suma-el-seu-tercer-top-10-de-lany-en-una-dura-carrera-a-texas\/\" \/>\n<meta property=\"og:locale\" content=\"it_IT\" \/>\n<meta property=\"og:type\" content=\"article\" \/>\n<meta property=\"og:title\" content=\"En Barber\u00e0 suma el seu tercer top 10 de l&#039;any en una dura carrera a Texas - Esponsorama\" \/>\n<meta property=\"og:description\" content=\"El pilot d\u2019Avintia Racing, l\u2019H\u00e9ctor Barber\u00e1, ha acabat nov\u00e8 en una dura cursa a 21 voltes al Circuit de les Am\u00e8riques a Austin, Texas. Despr\u00e9s de sortir des de la 14a posici\u00f3 de la graella, a poc a poc ha anat escalant posicions per arribar a disputar-se la setena pla\u00e7a amb en Pol Espargar\u00f3 i [&hellip;]\" \/>\n<meta property=\"og:url\" content=\"http:\/\/esponsorama.ad\/ca\/en-barbera-suma-el-seu-tercer-top-10-de-lany-en-una-dura-carrera-a-texas\/\" \/>\n<meta property=\"og:site_name\" content=\"Esponsorama\" \/>\n<meta property=\"article:published_time\" content=\"2016-07-20T15:31:39+00:00\" \/>\n<meta property=\"article:modified_time\" content=\"2016-07-20T17:57:19+00:00\" \/>\n<meta property=\"og:image\" content=\"http:\/\/esponsorama.ad\/wp-content\/uploads\/2016\/06\/03Austin16Mgp-6555.jpg\" \/>\n\t<meta property=\"og:image:width\" content=\"3988\" \/>\n\t<meta property=\"og:image:height\" content=\"2659\" \/>\n\t<meta property=\"og:image:type\" content=\"image\/jpeg\" \/>\n<meta name=\"author\" content=\"Xavi Andornet\" \/>\n<meta name=\"twitter:card\" content=\"summary_large_image\" \/>\n<meta name=\"twitter:label1\" content=\"Written by\" \/>\n\t<meta name=\"twitter:data1\" content=\"Xavi Andornet\" \/>\n\t<meta name=\"twitter:label2\" content=\"Est. reading time\" \/>\n\t<meta name=\"twitter:data2\" content=\"2 minutes\" \/>\n<script type=\"application\/ld+json\" class=\"yoast-schema-graph\">{\"@context\":\"https:\/\/schema.org\",\"@graph\":[{\"@type\":\"Article\",\"@id\":\"http:\/\/esponsorama.ad\/ca\/en-barbera-suma-el-seu-tercer-top-10-de-lany-en-una-dura-carrera-a-texas\/#article\",\"isPartOf\":{\"@id\":\"http:\/\/esponsorama.ad\/ca\/en-barbera-suma-el-seu-tercer-top-10-de-lany-en-una-dura-carrera-a-texas\/\"},\"author\":{\"name\":\"Xavi Andornet\",\"@id\":\"http:\/\/esponsorama.ad\/es\/#\/schema\/person\/a5cde74945183d737066e46b61c6f9c4\"},\"headline\":\"En Barber\u00e0 suma el seu tercer top 10 de l&#8217;any en una dura carrera a Texas\",\"datePublished\":\"2016-07-20T15:31:39+00:00\",\"dateModified\":\"2016-07-20T17:57:19+00:00\",\"mainEntityOfPage\":{\"@id\":\"http:\/\/esponsorama.ad\/ca\/en-barbera-suma-el-seu-tercer-top-10-de-lany-en-una-dura-carrera-a-texas\/\"},\"wordCount\":484,\"image\":{\"@id\":\"http:\/\/esponsorama.ad\/ca\/en-barbera-suma-el-seu-tercer-top-10-de-lany-en-una-dura-carrera-a-texas\/#primaryimage\"},\"thumbnailUrl\":\"http:\/\/esponsorama.ad\/wp-content\/uploads\/2016\/06\/03Austin16Mgp-6555.jpg\",\"articleSection\":[\"MotoGP\"],\"inLanguage\":\"it-IT\"},{\"@type\":\"WebPage\",\"@id\":\"http:\/\/esponsorama.ad\/ca\/en-barbera-suma-el-seu-tercer-top-10-de-lany-en-una-dura-carrera-a-texas\/\",\"url\":\"http:\/\/esponsorama.ad\/ca\/en-barbera-suma-el-seu-tercer-top-10-de-lany-en-una-dura-carrera-a-texas\/\",\"name\":\"En Barber\u00e0 suma el seu tercer top 10 de l'any en una dura carrera a Texas - Esponsorama\",\"isPartOf\":{\"@id\":\"http:\/\/esponsorama.ad\/es\/#website\"},\"primaryImageOfPage\":{\"@id\":\"http:\/\/esponsorama.ad\/ca\/en-barbera-suma-el-seu-tercer-top-10-de-lany-en-una-dura-carrera-a-texas\/#primaryimage\"},\"image\":{\"@id\":\"http:\/\/esponsorama.ad\/ca\/en-barbera-suma-el-seu-tercer-top-10-de-lany-en-una-dura-carrera-a-texas\/#primaryimage\"},\"thumbnailUrl\":\"http:\/\/esponsorama.ad\/wp-content\/uploads\/2016\/06\/03Austin16Mgp-6555.jpg\",\"datePublished\":\"2016-07-20T15:31:39+00:00\",\"dateModified\":\"2016-07-20T17:57:19+00:00\",\"author\":{\"@id\":\"http:\/\/esponsorama.ad\/es\/#\/schema\/person\/a5cde74945183d737066e46b61c6f9c4\"},\"breadcrumb\":{\"@id\":\"http:\/\/esponsorama.ad\/ca\/en-barbera-suma-el-seu-tercer-top-10-de-lany-en-una-dura-carrera-a-texas\/#breadcrumb\"},\"inLanguage\":\"it-IT\",\"potentialAction\":[{\"@type\":\"ReadAction\",\"target\":[\"http:\/\/esponsorama.ad\/ca\/en-barbera-suma-el-seu-tercer-top-10-de-lany-en-una-dura-carrera-a-texas\/\"]}]},{\"@type\":\"ImageObject\",\"inLanguage\":\"it-IT\",\"@id\":\"http:\/\/esponsorama.ad\/ca\/en-barbera-suma-el-seu-tercer-top-10-de-lany-en-una-dura-carrera-a-texas\/#primaryimage\",\"url\":\"http:\/\/esponsorama.ad\/wp-content\/uploads\/2016\/06\/03Austin16Mgp-6555.jpg\",\"contentUrl\":\"http:\/\/esponsorama.ad\/wp-content\/uploads\/2016\/06\/03Austin16Mgp-6555.jpg\",\"width\":3988,\"height\":2659},{\"@type\":\"BreadcrumbList\",\"@id\":\"http:\/\/esponsorama.ad\/ca\/en-barbera-suma-el-seu-tercer-top-10-de-lany-en-una-dura-carrera-a-texas\/#breadcrumb\",\"itemListElement\":[{\"@type\":\"ListItem\",\"position\":1,\"name\":\"Home\",\"item\":\"http:\/\/esponsorama.ad\/en\/\"},{\"@type\":\"ListItem\",\"position\":2,\"name\":\"En Barber\u00e0 suma el seu tercer top 10 de l&#8217;any en una dura carrera a Texas\"}]},{\"@type\":\"WebSite\",\"@id\":\"http:\/\/esponsorama.ad\/es\/#website\",\"url\":\"http:\/\/esponsorama.ad\/es\/\",\"name\":\"Esponsorama\",\"description\":\"Specialist in motorsport sponsorship and event promotions\",\"potentialAction\":[{\"@type\":\"SearchAction\",\"target\":{\"@type\":\"EntryPoint\",\"urlTemplate\":\"http:\/\/esponsorama.ad\/es\/?s={search_term_string}\"},\"query-input\":{\"@type\":\"PropertyValueSpecification\",\"valueRequired\":true,\"valueName\":\"search_term_string\"}}],\"inLanguage\":\"it-IT\"},{\"@type\":\"Person\",\"@id\":\"http:\/\/esponsorama.ad\/es\/#\/schema\/person\/a5cde74945183d737066e46b61c6f9c4\",\"name\":\"Xavi Andornet\",\"image\":{\"@type\":\"ImageObject\",\"inLanguage\":\"it-IT\",\"@id\":\"http:\/\/esponsorama.ad\/es\/#\/schema\/person\/image\/\",\"url\":\"https:\/\/secure.gravatar.com\/avatar\/f10eaf9ad601244a2357c9fd7cd9805ed166cfaaf76d5d9ab08a9d873e70147a?s=96&d=mm&r=g\",\"contentUrl\":\"https:\/\/secure.gravatar.com\/avatar\/f10eaf9ad601244a2357c9fd7cd9805ed166cfaaf76d5d9ab08a9d873e70147a?s=96&d=mm&r=g\",\"caption\":\"Xavi Andornet\"},\"sameAs\":[\"http:\/\/www.andornet.ad\"],\"url\":\"http:\/\/esponsorama.ad\/it\/author\/andornet\/\"}]}<\/script>\n<!-- \/ Yoast SEO plugin. -->","yoast_head_json":{"title":"En Barber\u00e0 suma el seu tercer top 10 de l'any en una dura carrera a Texas - Esponsorama","robots":{"index":"index","follow":"follow","max-snippet":"max-snippet:-1","max-image-preview":"max-image-preview:large","max-video-preview":"max-video-preview:-1"},"canonical":"http:\/\/esponsorama.ad\/ca\/en-barbera-suma-el-seu-tercer-top-10-de-lany-en-una-dura-carrera-a-texas\/","og_locale":"it_IT","og_type":"article","og_title":"En Barber\u00e0 suma el seu tercer top 10 de l'any en una dura carrera a Texas - Esponsorama","og_description":"El pilot d\u2019Avintia Racing, l\u2019H\u00e9ctor Barber\u00e1, ha acabat nov\u00e8 en una dura cursa a 21 voltes al Circuit de les Am\u00e8riques a Austin, Texas. Despr\u00e9s de sortir des de la 14a posici\u00f3 de la graella, a poc a poc ha anat escalant posicions per arribar a disputar-se la setena pla\u00e7a amb en Pol Espargar\u00f3 i [&hellip;]","og_url":"http:\/\/esponsorama.ad\/ca\/en-barbera-suma-el-seu-tercer-top-10-de-lany-en-una-dura-carrera-a-texas\/","og_site_name":"Esponsorama","article_published_time":"2016-07-20T15:31:39+00:00","article_modified_time":"2016-07-20T17:57:19+00:00","og_image":[{"width":3988,"height":2659,"url":"http:\/\/esponsorama.ad\/wp-content\/uploads\/2016\/06\/03Austin16Mgp-6555.jpg","type":"image\/jpeg"}],"author":"Xavi Andornet","twitter_card":"summary_large_image","twitter_misc":{"Written by":"Xavi Andornet","Est. reading time":"2 minutes"},"schema":{"@context":"https:\/\/schema.org","@graph":[{"@type":"Article","@id":"http:\/\/esponsorama.ad\/ca\/en-barbera-suma-el-seu-tercer-top-10-de-lany-en-una-dura-carrera-a-texas\/#article","isPartOf":{"@id":"http:\/\/esponsorama.ad\/ca\/en-barbera-suma-el-seu-tercer-top-10-de-lany-en-una-dura-carrera-a-texas\/"},"author":{"name":"Xavi Andornet","@id":"http:\/\/esponsorama.ad\/es\/#\/schema\/person\/a5cde74945183d737066e46b61c6f9c4"},"headline":"En Barber\u00e0 suma el seu tercer top 10 de l&#8217;any en una dura carrera a Texas","datePublished":"2016-07-20T15:31:39+00:00","dateModified":"2016-07-20T17:57:19+00:00","mainEntityOfPage":{"@id":"http:\/\/esponsorama.ad\/ca\/en-barbera-suma-el-seu-tercer-top-10-de-lany-en-una-dura-carrera-a-texas\/"},"wordCount":484,"image":{"@id":"http:\/\/esponsorama.ad\/ca\/en-barbera-suma-el-seu-tercer-top-10-de-lany-en-una-dura-carrera-a-texas\/#primaryimage"},"thumbnailUrl":"http:\/\/esponsorama.ad\/wp-content\/uploads\/2016\/06\/03Austin16Mgp-6555.jpg","articleSection":["MotoGP"],"inLanguage":"it-IT"},{"@type":"WebPage","@id":"http:\/\/esponsorama.ad\/ca\/en-barbera-suma-el-seu-tercer-top-10-de-lany-en-una-dura-carrera-a-texas\/","url":"http:\/\/esponsorama.ad\/ca\/en-barbera-suma-el-seu-tercer-top-10-de-lany-en-una-dura-carrera-a-texas\/","name":"En Barber\u00e0 suma el seu tercer top 10 de l'any en una dura carrera a Texas - Esponsorama","isPartOf":{"@id":"http:\/\/esponsorama.ad\/es\/#website"},"primaryImageOfPage":{"@id":"http:\/\/esponsorama.ad\/ca\/en-barbera-suma-el-seu-tercer-top-10-de-lany-en-una-dura-carrera-a-texas\/#primaryimage"},"image":{"@id":"http:\/\/esponsorama.ad\/ca\/en-barbera-suma-el-seu-tercer-top-10-de-lany-en-una-dura-carrera-a-texas\/#primaryimage"},"thumbnailUrl":"http:\/\/esponsorama.ad\/wp-content\/uploads\/2016\/06\/03Austin16Mgp-6555.jpg","datePublished":"2016-07-20T15:31:39+00:00","dateModified":"2016-07-20T17:57:19+00:00","author":{"@id":"http:\/\/esponsorama.ad\/es\/#\/schema\/person\/a5cde74945183d737066e46b61c6f9c4"},"breadcrumb":{"@id":"http:\/\/esponsorama.ad\/ca\/en-barbera-suma-el-seu-tercer-top-10-de-lany-en-una-dura-carrera-a-texas\/#breadcrumb"},"inLanguage":"it-IT","potentialAction":[{"@type":"ReadAction","target":["http:\/\/esponsorama.ad\/ca\/en-barbera-suma-el-seu-tercer-top-10-de-lany-en-una-dura-carrera-a-texas\/"]}]},{"@type":"ImageObject","inLanguage":"it-IT","@id":"http:\/\/esponsorama.ad\/ca\/en-barbera-suma-el-seu-tercer-top-10-de-lany-en-una-dura-carrera-a-texas\/#primaryimage","url":"http:\/\/esponsorama.ad\/wp-content\/uploads\/2016\/06\/03Austin16Mgp-6555.jpg","contentUrl":"http:\/\/esponsorama.ad\/wp-content\/uploads\/2016\/06\/03Austin16Mgp-6555.jpg","width":3988,"height":2659},{"@type":"BreadcrumbList","@id":"http:\/\/esponsorama.ad\/ca\/en-barbera-suma-el-seu-tercer-top-10-de-lany-en-una-dura-carrera-a-texas\/#breadcrumb","itemListElement":[{"@type":"ListItem","position":1,"name":"Home","item":"http:\/\/esponsorama.ad\/en\/"},{"@type":"ListItem","position":2,"name":"En Barber\u00e0 suma el seu tercer top 10 de l&#8217;any en una dura carrera a Texas"}]},{"@type":"WebSite","@id":"http:\/\/esponsorama.ad\/es\/#website","url":"http:\/\/esponsorama.ad\/es\/","name":"Esponsorama","description":"Specialist in motorsport sponsorship and event promotions","potentialAction":[{"@type":"SearchAction","target":{"@type":"EntryPoint","urlTemplate":"http:\/\/esponsorama.ad\/es\/?s={search_term_string}"},"query-input":{"@type":"PropertyValueSpecification","valueRequired":true,"valueName":"search_term_string"}}],"inLanguage":"it-IT"},{"@type":"Person","@id":"http:\/\/esponsorama.ad\/es\/#\/schema\/person\/a5cde74945183d737066e46b61c6f9c4","name":"Xavi Andornet","image":{"@type":"ImageObject","inLanguage":"it-IT","@id":"http:\/\/esponsorama.ad\/es\/#\/schema\/person\/image\/","url":"https:\/\/secure.gravatar.com\/avatar\/f10eaf9ad601244a2357c9fd7cd9805ed166cfaaf76d5d9ab08a9d873e70147a?s=96&d=mm&r=g","contentUrl":"https:\/\/secure.gravatar.com\/avatar\/f10eaf9ad601244a2357c9fd7cd9805ed166cfaaf76d5d9ab08a9d873e70147a?s=96&d=mm&r=g","caption":"Xavi Andornet"},"sameAs":["http:\/\/www.andornet.ad"],"url":"http:\/\/esponsorama.ad\/it\/author\/andornet\/"}]}},"_links":{"self":[{"href":"http:\/\/esponsorama.ad\/it\/wp-json\/wp\/v2\/posts\/541","targetHints":{"allow":["GET"]}}],"collection":[{"href":"http:\/\/esponsorama.ad\/it\/wp-json\/wp\/v2\/posts"}],"about":[{"href":"http:\/\/esponsorama.ad\/it\/wp-json\/wp\/v2\/types\/post"}],"author":[{"embeddable":true,"href":"http:\/\/esponsorama.ad\/it\/wp-json\/wp\/v2\/users\/6"}],"replies":[{"embeddable":true,"href":"http:\/\/esponsorama.ad\/it\/wp-json\/wp\/v2\/comments?post=541"}],"version-history":[{"count":0,"href":"http:\/\/esponsorama.ad\/it\/wp-json\/wp\/v2\/posts\/541\/revisions"}],"wp:featuredmedia":[{"embeddable":true,"href":"http:\/\/esponsorama.ad\/it\/wp-json\/wp\/v2\/media\/368"}],"wp:attachment":[{"href":"http:\/\/esponsorama.ad\/it\/wp-json\/wp\/v2\/media?parent=541"}],"wp:term":[{"taxonomy":"category","embeddable":true,"href":"http:\/\/esponsorama.ad\/it\/wp-json\/wp\/v2\/categories?post=541"},{"taxonomy":"post_tag","embeddable":true,"href":"http:\/\/esponsorama.ad\/it\/wp-json\/wp\/v2\/tags?post=541"}],"curies":[{"name":"wp","href":"https:\/\/api.w.org\/{rel}","templated":true}]}}