{"id":544,"date":"2016-07-20T17:39:41","date_gmt":"2016-07-20T15:39:41","guid":{"rendered":"http:\/\/esponsorama.ad\/?p=544"},"modified":"2016-07-20T19:57:35","modified_gmt":"2016-07-20T17:57:35","slug":"en-barbera-acaba-dotze-a-mugello-en-baz-lesionat","status":"publish","type":"post","link":"http:\/\/esponsorama.ad\/ca\/en-barbera-acaba-dotze-a-mugello-en-baz-lesionat\/","title":{"rendered":"En Barber\u00e0 acaba dotz\u00e8 a Mugello, en Baz lesionat"},"content":{"rendered":"<p>Cap de setmana molt complicat per als pilots d\u2019Avintia Racing a Mugello. L\u2019H\u00e9ctor Barber\u00e1 i en Loris Baz arribaven amb moltes ganes al Gran Premi d&#8217;It\u00e0lia, la casa de Ducati, per\u00f2 des del primer dia les coses no han anat com estaven planejades i diumenge no ha estat molt diferent. L\u2019H\u00e9ctor Barber\u00e1 ha acabat la carrera en dotzena posici\u00f3 i ha tornat a sumar punts, per\u00f2 per primera vegada aquesta temporada ha quedat fora del Top 10. Tot i aix\u00ed l&#8217;espanyol mant\u00e9 la vuitena posici\u00f3 en la provisional del campionat.<\/p>\n<p>Pitjor sort ha corregut el seu company en Loris Baz, qui despr\u00e9s de ser arrasat per un altre pilot al primer revolt ha patit diverses fractures i luxacions al peu dret i haur\u00e0 de passar pel quir\u00f2fan aquesta setmana a Su\u00efssa. El Director M\u00e8dic de MotoGP, el Dr. Xavier Mir, ha pogut confirmar despr\u00e9s dels ex\u00e0mens duts a terme a l&#8217;hospital del circuit que en Loris t\u00e9 luxaci\u00f3 metatarso-fal\u00e1ngica de les cinc articulacions del peu dret, a m\u00e9s de fractura diafisi\u00e0ria dels \u00faltims quatre dits del mateix peu. Sota anest\u00e8sia general s&#8217;ha procedit a la reducci\u00f3 de les luxacions en el mateix circuit i dimarts ser\u00e0 intervingut pel Dr. Fi Maiher a l&#8217;Hospital de la Tor de Ginebra per fixar amb plaques les fractures en el seu peu dret. La seva participaci\u00f3 al Gran Premi de Catalunya d&#8217;aqu\u00ed a dos setmanes est\u00e0 en dubte. Tot dependr\u00e0 de la seva evoluci\u00f3 despr\u00e9s de l&#8217;operaci\u00f3.<\/p>\n<p><strong>H\u00c9CTOR BARBER\u00c1 #8 \/ @HectorBarbera P12 <\/strong><\/p>\n<p>&#8220;Ha estat un cap de setmana per oblidar. Cada dia s&#8217;ha anat complicant i no hi ha hagut manera d&#8217;aconseguir treure tot el nostre potencial. No s\u00e9 si \u00e9s bo o dolent, per\u00f2 especialment el meu t\u00e8cnic em diu que pensi que la nostra moto t\u00e9 dos anys i hem rodat en els mateixos temps que l&#8217;equip oficial amb aquesta moto. \u00c9s dif\u00edcil portar la moto m\u00e9s al l\u00edmit del que ho fa un equip oficial i nosaltres els hem igualat i fins i tot de vegades ho hem millorat. \u00c9s obvi que els meus rivals compten amb millor material i estar per davant d&#8217;ells en pistes r\u00e0pides ser\u00e0 dif\u00edcil. Hem acabat una altra carrera, que \u00e9s l&#8217;important i seguim com a primera Ducati cosa que semblava impossible abans de comen\u00e7ar la temporada. M\u00e9s no podem fer amb el que tenim i crec que tant l&#8217;equip com jo ens mereixem una oportunitat, perqu\u00e8 un pilot sempre vol m\u00e9s. &#8221;<\/p>\n<p><strong>LORIS BAZ #76 \/ @lorisbaz DNF<\/strong><\/p>\n<p>&#8220;La cursa ha estat molt curta per mi. He fet una bona sortida, per\u00f2 no hi havia molts llocs per avan\u00e7ar en el primer revolt i he decidit quedar-me per fora, per\u00f2 m&#8217;han colpejat per l&#8217;interior i he caigut. En aquest mateix moment he sentit que m&#8217;havia trencat el peu. M&#8217;he fracturat el segon, tercer quart i cinqu\u00e8 metatars i despla\u00e7at el primer. Aqu\u00ed al circuit m&#8217;han col\u00b7locat el primer i el dimarts anir\u00e9 a l&#8217;hospital perqu\u00e8 em operin a Ginebra. No s\u00e9 quant temps haur\u00e9 d&#8217;estar sense pujar a la moto perqu\u00e8 \u00e9s una zona complicada i es pot inflar molt. Seguir\u00e9 les recomanacions dels metges perqu\u00e8 no vull arriscar a perdrem m\u00e9s carreres. Per\u00f2 el que m\u00e9s em fastigueja \u00e9s perdrem el test de dilluns a Barcelona, perqu\u00e8 el necessitem molt. &#8220;<\/p>\n","protected":false},"excerpt":{"rendered":"<p>Cap de setmana molt complicat per als pilots d\u2019Avintia Racing a Mugello. L\u2019H\u00e9ctor Barber\u00e1 i en Loris Baz arribaven amb moltes ganes al Gran Premi d&#8217;It\u00e0lia, la casa de Ducati, per\u00f2 des del primer dia les coses no han anat com estaven planejades i diumenge no ha estat molt diferent. L\u2019H\u00e9ctor Barber\u00e1 ha acabat la [&hellip;]<\/p>\n","protected":false},"author":6,"featured_media":388,"comment_status":"closed","ping_status":"closed","sticky":false,"template":"","format":"standard","meta":{"footnotes":""},"categories":[3],"tags":[],"class_list":["post-544","post","type-post","status-publish","format-standard","has-post-thumbnail","hentry","category-motogp"],"yoast_head":"<!-- This site is optimized with the Yoast SEO plugin v27.1.1 - https:\/\/yoast.com\/product\/yoast-seo-wordpress\/ -->\n<title>En Barber\u00e0 acaba dotz\u00e8 a Mugello, en Baz lesionat - Esponsorama<\/title>\n<meta name=\"robots\" content=\"index, follow, max-snippet:-1, max-image-preview:large, max-video-preview:-1\" \/>\n<link rel=\"canonical\" href=\"http:\/\/esponsorama.ad\/ca\/en-barbera-acaba-dotze-a-mugello-en-baz-lesionat\/\" \/>\n<meta property=\"og:locale\" content=\"it_IT\" \/>\n<meta property=\"og:type\" content=\"article\" \/>\n<meta property=\"og:title\" content=\"En Barber\u00e0 acaba dotz\u00e8 a Mugello, en Baz lesionat - Esponsorama\" \/>\n<meta property=\"og:description\" content=\"Cap de setmana molt complicat per als pilots d\u2019Avintia Racing a Mugello. L\u2019H\u00e9ctor Barber\u00e1 i en Loris Baz arribaven amb moltes ganes al Gran Premi d&#8217;It\u00e0lia, la casa de Ducati, per\u00f2 des del primer dia les coses no han anat com estaven planejades i diumenge no ha estat molt diferent. L\u2019H\u00e9ctor Barber\u00e1 ha acabat la [&hellip;]\" \/>\n<meta property=\"og:url\" content=\"http:\/\/esponsorama.ad\/ca\/en-barbera-acaba-dotze-a-mugello-en-baz-lesionat\/\" \/>\n<meta property=\"og:site_name\" content=\"Esponsorama\" \/>\n<meta property=\"article:published_time\" content=\"2016-07-20T15:39:41+00:00\" \/>\n<meta property=\"article:modified_time\" content=\"2016-07-20T17:57:35+00:00\" \/>\n<meta property=\"og:image\" content=\"http:\/\/esponsorama.ad\/wp-content\/uploads\/2016\/06\/06Mugello16Mgp-1469.jpg\" \/>\n\t<meta property=\"og:image:width\" content=\"4294\" \/>\n\t<meta property=\"og:image:height\" content=\"2863\" \/>\n\t<meta property=\"og:image:type\" content=\"image\/jpeg\" \/>\n<meta name=\"author\" content=\"Xavi Andornet\" \/>\n<meta name=\"twitter:card\" content=\"summary_large_image\" \/>\n<meta name=\"twitter:label1\" content=\"Written by\" \/>\n\t<meta name=\"twitter:data1\" content=\"Xavi Andornet\" \/>\n\t<meta name=\"twitter:label2\" content=\"Est. reading time\" \/>\n\t<meta name=\"twitter:data2\" content=\"3 minutes\" \/>\n<script type=\"application\/ld+json\" class=\"yoast-schema-graph\">{\"@context\":\"https:\/\/schema.org\",\"@graph\":[{\"@type\":\"Article\",\"@id\":\"http:\/\/esponsorama.ad\/ca\/en-barbera-acaba-dotze-a-mugello-en-baz-lesionat\/#article\",\"isPartOf\":{\"@id\":\"http:\/\/esponsorama.ad\/ca\/en-barbera-acaba-dotze-a-mugello-en-baz-lesionat\/\"},\"author\":{\"name\":\"Xavi Andornet\",\"@id\":\"http:\/\/esponsorama.ad\/es\/#\/schema\/person\/a5cde74945183d737066e46b61c6f9c4\"},\"headline\":\"En Barber\u00e0 acaba dotz\u00e8 a Mugello, en Baz lesionat\",\"datePublished\":\"2016-07-20T15:39:41+00:00\",\"dateModified\":\"2016-07-20T17:57:35+00:00\",\"mainEntityOfPage\":{\"@id\":\"http:\/\/esponsorama.ad\/ca\/en-barbera-acaba-dotze-a-mugello-en-baz-lesionat\/\"},\"wordCount\":582,\"image\":{\"@id\":\"http:\/\/esponsorama.ad\/ca\/en-barbera-acaba-dotze-a-mugello-en-baz-lesionat\/#primaryimage\"},\"thumbnailUrl\":\"http:\/\/esponsorama.ad\/wp-content\/uploads\/2016\/06\/06Mugello16Mgp-1469.jpg\",\"articleSection\":[\"MotoGP\"],\"inLanguage\":\"it-IT\"},{\"@type\":\"WebPage\",\"@id\":\"http:\/\/esponsorama.ad\/ca\/en-barbera-acaba-dotze-a-mugello-en-baz-lesionat\/\",\"url\":\"http:\/\/esponsorama.ad\/ca\/en-barbera-acaba-dotze-a-mugello-en-baz-lesionat\/\",\"name\":\"En Barber\u00e0 acaba dotz\u00e8 a Mugello, en Baz lesionat - Esponsorama\",\"isPartOf\":{\"@id\":\"http:\/\/esponsorama.ad\/es\/#website\"},\"primaryImageOfPage\":{\"@id\":\"http:\/\/esponsorama.ad\/ca\/en-barbera-acaba-dotze-a-mugello-en-baz-lesionat\/#primaryimage\"},\"image\":{\"@id\":\"http:\/\/esponsorama.ad\/ca\/en-barbera-acaba-dotze-a-mugello-en-baz-lesionat\/#primaryimage\"},\"thumbnailUrl\":\"http:\/\/esponsorama.ad\/wp-content\/uploads\/2016\/06\/06Mugello16Mgp-1469.jpg\",\"datePublished\":\"2016-07-20T15:39:41+00:00\",\"dateModified\":\"2016-07-20T17:57:35+00:00\",\"author\":{\"@id\":\"http:\/\/esponsorama.ad\/es\/#\/schema\/person\/a5cde74945183d737066e46b61c6f9c4\"},\"breadcrumb\":{\"@id\":\"http:\/\/esponsorama.ad\/ca\/en-barbera-acaba-dotze-a-mugello-en-baz-lesionat\/#breadcrumb\"},\"inLanguage\":\"it-IT\",\"potentialAction\":[{\"@type\":\"ReadAction\",\"target\":[\"http:\/\/esponsorama.ad\/ca\/en-barbera-acaba-dotze-a-mugello-en-baz-lesionat\/\"]}]},{\"@type\":\"ImageObject\",\"inLanguage\":\"it-IT\",\"@id\":\"http:\/\/esponsorama.ad\/ca\/en-barbera-acaba-dotze-a-mugello-en-baz-lesionat\/#primaryimage\",\"url\":\"http:\/\/esponsorama.ad\/wp-content\/uploads\/2016\/06\/06Mugello16Mgp-1469.jpg\",\"contentUrl\":\"http:\/\/esponsorama.ad\/wp-content\/uploads\/2016\/06\/06Mugello16Mgp-1469.jpg\",\"width\":4294,\"height\":2863},{\"@type\":\"BreadcrumbList\",\"@id\":\"http:\/\/esponsorama.ad\/ca\/en-barbera-acaba-dotze-a-mugello-en-baz-lesionat\/#breadcrumb\",\"itemListElement\":[{\"@type\":\"ListItem\",\"position\":1,\"name\":\"Home\",\"item\":\"http:\/\/esponsorama.ad\/en\/\"},{\"@type\":\"ListItem\",\"position\":2,\"name\":\"En Barber\u00e0 acaba dotz\u00e8 a Mugello, en Baz lesionat\"}]},{\"@type\":\"WebSite\",\"@id\":\"http:\/\/esponsorama.ad\/es\/#website\",\"url\":\"http:\/\/esponsorama.ad\/es\/\",\"name\":\"Esponsorama\",\"description\":\"Specialist in motorsport sponsorship and event promotions\",\"potentialAction\":[{\"@type\":\"SearchAction\",\"target\":{\"@type\":\"EntryPoint\",\"urlTemplate\":\"http:\/\/esponsorama.ad\/es\/?s={search_term_string}\"},\"query-input\":{\"@type\":\"PropertyValueSpecification\",\"valueRequired\":true,\"valueName\":\"search_term_string\"}}],\"inLanguage\":\"it-IT\"},{\"@type\":\"Person\",\"@id\":\"http:\/\/esponsorama.ad\/es\/#\/schema\/person\/a5cde74945183d737066e46b61c6f9c4\",\"name\":\"Xavi Andornet\",\"image\":{\"@type\":\"ImageObject\",\"inLanguage\":\"it-IT\",\"@id\":\"http:\/\/esponsorama.ad\/es\/#\/schema\/person\/image\/\",\"url\":\"https:\/\/secure.gravatar.com\/avatar\/f10eaf9ad601244a2357c9fd7cd9805ed166cfaaf76d5d9ab08a9d873e70147a?s=96&d=mm&r=g\",\"contentUrl\":\"https:\/\/secure.gravatar.com\/avatar\/f10eaf9ad601244a2357c9fd7cd9805ed166cfaaf76d5d9ab08a9d873e70147a?s=96&d=mm&r=g\",\"caption\":\"Xavi Andornet\"},\"sameAs\":[\"http:\/\/www.andornet.ad\"],\"url\":\"http:\/\/esponsorama.ad\/it\/author\/andornet\/\"}]}<\/script>\n<!-- \/ Yoast SEO plugin. -->","yoast_head_json":{"title":"En Barber\u00e0 acaba dotz\u00e8 a Mugello, en Baz lesionat - Esponsorama","robots":{"index":"index","follow":"follow","max-snippet":"max-snippet:-1","max-image-preview":"max-image-preview:large","max-video-preview":"max-video-preview:-1"},"canonical":"http:\/\/esponsorama.ad\/ca\/en-barbera-acaba-dotze-a-mugello-en-baz-lesionat\/","og_locale":"it_IT","og_type":"article","og_title":"En Barber\u00e0 acaba dotz\u00e8 a Mugello, en Baz lesionat - Esponsorama","og_description":"Cap de setmana molt complicat per als pilots d\u2019Avintia Racing a Mugello. L\u2019H\u00e9ctor Barber\u00e1 i en Loris Baz arribaven amb moltes ganes al Gran Premi d&#8217;It\u00e0lia, la casa de Ducati, per\u00f2 des del primer dia les coses no han anat com estaven planejades i diumenge no ha estat molt diferent. L\u2019H\u00e9ctor Barber\u00e1 ha acabat la [&hellip;]","og_url":"http:\/\/esponsorama.ad\/ca\/en-barbera-acaba-dotze-a-mugello-en-baz-lesionat\/","og_site_name":"Esponsorama","article_published_time":"2016-07-20T15:39:41+00:00","article_modified_time":"2016-07-20T17:57:35+00:00","og_image":[{"width":4294,"height":2863,"url":"http:\/\/esponsorama.ad\/wp-content\/uploads\/2016\/06\/06Mugello16Mgp-1469.jpg","type":"image\/jpeg"}],"author":"Xavi Andornet","twitter_card":"summary_large_image","twitter_misc":{"Written by":"Xavi Andornet","Est. reading time":"3 minutes"},"schema":{"@context":"https:\/\/schema.org","@graph":[{"@type":"Article","@id":"http:\/\/esponsorama.ad\/ca\/en-barbera-acaba-dotze-a-mugello-en-baz-lesionat\/#article","isPartOf":{"@id":"http:\/\/esponsorama.ad\/ca\/en-barbera-acaba-dotze-a-mugello-en-baz-lesionat\/"},"author":{"name":"Xavi Andornet","@id":"http:\/\/esponsorama.ad\/es\/#\/schema\/person\/a5cde74945183d737066e46b61c6f9c4"},"headline":"En Barber\u00e0 acaba dotz\u00e8 a Mugello, en Baz lesionat","datePublished":"2016-07-20T15:39:41+00:00","dateModified":"2016-07-20T17:57:35+00:00","mainEntityOfPage":{"@id":"http:\/\/esponsorama.ad\/ca\/en-barbera-acaba-dotze-a-mugello-en-baz-lesionat\/"},"wordCount":582,"image":{"@id":"http:\/\/esponsorama.ad\/ca\/en-barbera-acaba-dotze-a-mugello-en-baz-lesionat\/#primaryimage"},"thumbnailUrl":"http:\/\/esponsorama.ad\/wp-content\/uploads\/2016\/06\/06Mugello16Mgp-1469.jpg","articleSection":["MotoGP"],"inLanguage":"it-IT"},{"@type":"WebPage","@id":"http:\/\/esponsorama.ad\/ca\/en-barbera-acaba-dotze-a-mugello-en-baz-lesionat\/","url":"http:\/\/esponsorama.ad\/ca\/en-barbera-acaba-dotze-a-mugello-en-baz-lesionat\/","name":"En Barber\u00e0 acaba dotz\u00e8 a Mugello, en Baz lesionat - Esponsorama","isPartOf":{"@id":"http:\/\/esponsorama.ad\/es\/#website"},"primaryImageOfPage":{"@id":"http:\/\/esponsorama.ad\/ca\/en-barbera-acaba-dotze-a-mugello-en-baz-lesionat\/#primaryimage"},"image":{"@id":"http:\/\/esponsorama.ad\/ca\/en-barbera-acaba-dotze-a-mugello-en-baz-lesionat\/#primaryimage"},"thumbnailUrl":"http:\/\/esponsorama.ad\/wp-content\/uploads\/2016\/06\/06Mugello16Mgp-1469.jpg","datePublished":"2016-07-20T15:39:41+00:00","dateModified":"2016-07-20T17:57:35+00:00","author":{"@id":"http:\/\/esponsorama.ad\/es\/#\/schema\/person\/a5cde74945183d737066e46b61c6f9c4"},"breadcrumb":{"@id":"http:\/\/esponsorama.ad\/ca\/en-barbera-acaba-dotze-a-mugello-en-baz-lesionat\/#breadcrumb"},"inLanguage":"it-IT","potentialAction":[{"@type":"ReadAction","target":["http:\/\/esponsorama.ad\/ca\/en-barbera-acaba-dotze-a-mugello-en-baz-lesionat\/"]}]},{"@type":"ImageObject","inLanguage":"it-IT","@id":"http:\/\/esponsorama.ad\/ca\/en-barbera-acaba-dotze-a-mugello-en-baz-lesionat\/#primaryimage","url":"http:\/\/esponsorama.ad\/wp-content\/uploads\/2016\/06\/06Mugello16Mgp-1469.jpg","contentUrl":"http:\/\/esponsorama.ad\/wp-content\/uploads\/2016\/06\/06Mugello16Mgp-1469.jpg","width":4294,"height":2863},{"@type":"BreadcrumbList","@id":"http:\/\/esponsorama.ad\/ca\/en-barbera-acaba-dotze-a-mugello-en-baz-lesionat\/#breadcrumb","itemListElement":[{"@type":"ListItem","position":1,"name":"Home","item":"http:\/\/esponsorama.ad\/en\/"},{"@type":"ListItem","position":2,"name":"En Barber\u00e0 acaba dotz\u00e8 a Mugello, en Baz lesionat"}]},{"@type":"WebSite","@id":"http:\/\/esponsorama.ad\/es\/#website","url":"http:\/\/esponsorama.ad\/es\/","name":"Esponsorama","description":"Specialist in motorsport sponsorship and event promotions","potentialAction":[{"@type":"SearchAction","target":{"@type":"EntryPoint","urlTemplate":"http:\/\/esponsorama.ad\/es\/?s={search_term_string}"},"query-input":{"@type":"PropertyValueSpecification","valueRequired":true,"valueName":"search_term_string"}}],"inLanguage":"it-IT"},{"@type":"Person","@id":"http:\/\/esponsorama.ad\/es\/#\/schema\/person\/a5cde74945183d737066e46b61c6f9c4","name":"Xavi Andornet","image":{"@type":"ImageObject","inLanguage":"it-IT","@id":"http:\/\/esponsorama.ad\/es\/#\/schema\/person\/image\/","url":"https:\/\/secure.gravatar.com\/avatar\/f10eaf9ad601244a2357c9fd7cd9805ed166cfaaf76d5d9ab08a9d873e70147a?s=96&d=mm&r=g","contentUrl":"https:\/\/secure.gravatar.com\/avatar\/f10eaf9ad601244a2357c9fd7cd9805ed166cfaaf76d5d9ab08a9d873e70147a?s=96&d=mm&r=g","caption":"Xavi Andornet"},"sameAs":["http:\/\/www.andornet.ad"],"url":"http:\/\/esponsorama.ad\/it\/author\/andornet\/"}]}},"_links":{"self":[{"href":"http:\/\/esponsorama.ad\/it\/wp-json\/wp\/v2\/posts\/544","targetHints":{"allow":["GET"]}}],"collection":[{"href":"http:\/\/esponsorama.ad\/it\/wp-json\/wp\/v2\/posts"}],"about":[{"href":"http:\/\/esponsorama.ad\/it\/wp-json\/wp\/v2\/types\/post"}],"author":[{"embeddable":true,"href":"http:\/\/esponsorama.ad\/it\/wp-json\/wp\/v2\/users\/6"}],"replies":[{"embeddable":true,"href":"http:\/\/esponsorama.ad\/it\/wp-json\/wp\/v2\/comments?post=544"}],"version-history":[{"count":0,"href":"http:\/\/esponsorama.ad\/it\/wp-json\/wp\/v2\/posts\/544\/revisions"}],"wp:featuredmedia":[{"embeddable":true,"href":"http:\/\/esponsorama.ad\/it\/wp-json\/wp\/v2\/media\/388"}],"wp:attachment":[{"href":"http:\/\/esponsorama.ad\/it\/wp-json\/wp\/v2\/media?parent=544"}],"wp:term":[{"taxonomy":"category","embeddable":true,"href":"http:\/\/esponsorama.ad\/it\/wp-json\/wp\/v2\/categories?post=544"},{"taxonomy":"post_tag","embeddable":true,"href":"http:\/\/esponsorama.ad\/it\/wp-json\/wp\/v2\/tags?post=544"}],"curies":[{"name":"wp","href":"https:\/\/api.w.org\/{rel}","templated":true}]}}