{"id":546,"date":"2016-07-20T17:43:05","date_gmt":"2016-07-20T15:43:05","guid":{"rendered":"http:\/\/esponsorama.ad\/?p=546"},"modified":"2016-07-20T19:57:54","modified_gmt":"2016-07-20T17:57:54","slug":"fantastic-sise-lloc-per-en-barbera-en-una-cursa-boja-a-assen","status":"publish","type":"post","link":"http:\/\/esponsorama.ad\/ca\/fantastic-sise-lloc-per-en-barbera-en-una-cursa-boja-a-assen\/","title":{"rendered":"Fant\u00e0stic sis\u00e8 lloc per en Barber\u00e1 en una cursa boja a Assen"},"content":{"rendered":"<p>El pilot d\u2019Avintia Racing, l\u2019H\u00e9ctor Barber\u00e1 ha aconseguit un fant\u00e0stic sis\u00e8 lloc en una carrera boja que s&#8217;ha disputat en dues parts. Era la primera vegada en 86 anys d&#8217;hist\u00f2ria de l&#8217;Dutch TT que es corria en diumenge, a m\u00e9s de la cursa n\u00famero 250 de l&#8217;era MotoGP al Campionat del M\u00f3n. Per\u00f2 m\u00e9s sobretot ser\u00e0 recordada per el seu desenlla\u00e7 final.<\/p>\n<p>Inicialment prevista a 26 voltes, la cursa ha estat parada per la forta pluja quan faltaven 12. En aquesta primera part les coses no havien anat massa b\u00e9 per l\u2019H\u00e9ctor Barber\u00e1 i en Michele Pirro. El primer estava 14\u00e8 quan han tret la bandera vermella, mentre que en Pirro ha caigut, encara que per fortuna ha pogut arribar al box.<\/p>\n<p>A la segona cursa en Barber\u00e1 ha anat agafant ritme poc a poc per acabar sis\u00e8 per darrere d&#8217;Andrea Iannone. Amb aquest resultat el pilot d\u2019Avintia Racing escala un lloc en la classificaci\u00f3 provisional i, a falta d&#8217;una carrera per arribar a l&#8217;equador del campionat ocupa la setena posici\u00f3. A m\u00e9s segueix sent la primera Ducati a la general.<\/p>\n<p>En Michele Pirro s&#8217;ha anat a terra despr\u00e9s de cinc voltes quan lluitava per la setena posici\u00f3, en el que ha estat un cap de setmana molt complicat per al pilot de proves de Ducati.<\/p>\n<p><strong>H\u00c9CTOR BARBER\u00c1 #8 \/ @HectorBarbera P6<\/strong><\/p>\n<p>&#8220;Estic molt content perqu\u00e8 la primera cursa era un desastre, he decidit muntar el pneum\u00e0tic del darrere dur i no tenia res d&#8217;adher\u00e8ncia, a la recta anava patinant. Nom\u00e9s amb fer el gest d&#8217;entrar als revolts la moto es creuava i la veritat \u00e9s que ho estava passant malament. A la segona cursa tenia clar que calia muntar el tou i ha canviat per complet el comportament de la moto. Per\u00f2 ha estat tan gran el canvi que he trigat un parell de voltes a reaccionar. Acabar el sis\u00e8 en un cap de setmana tan complicat, amb trencaments i caigudes ha estat una recompensa per a tots. Vull donar un cop m\u00e9s les gr\u00e0cies a l&#8217;equip perqu\u00e8 ha reaccionat molt r\u00e0pid a tots els problemes que hem tingut, i m&#8217;han estat motivant en tot moment. &#8221;<\/p>\n<p><strong>MICHELE PIRRO #51 \/ @pirrorider DNF<\/strong><\/p>\n<p>&#8220;Ha estat un cap de setmana dificil\u00edssim, crec que un dels m\u00e9s durs de la meva carrera esportiva, per\u00f2 aix\u00ed s\u00f3n les carreres. Em sap greu per l&#8217;equip, perqu\u00e8 pod\u00edem lluitar per estar entre els set primers en la segona cursa, per\u00f2 he caigut sense previ av\u00eds, el l\u00edmit era molt petit i no he pogut fer res. Sobretot ho sento per l&#8217;equip perqu\u00e8 avui pod\u00edem haver aconseguit un bon resultat. Aquestes dues curses han estat una bona experi\u00e8ncia, per\u00f2 esperava aconseguir un resultat millor aquest cap de setmana. Gr\u00e0cies Avintia per aquesta oportunitat, espero que la propera vegada vagi millor. &#8220;<\/p>\n","protected":false},"excerpt":{"rendered":"<p>El pilot d\u2019Avintia Racing, l\u2019H\u00e9ctor Barber\u00e1 ha aconseguit un fant\u00e0stic sis\u00e8 lloc en una carrera boja que s&#8217;ha disputat en dues parts. Era la primera vegada en 86 anys d&#8217;hist\u00f2ria de l&#8217;Dutch TT que es corria en diumenge, a m\u00e9s de la cursa n\u00famero 250 de l&#8217;era MotoGP al Campionat del M\u00f3n. Per\u00f2 m\u00e9s sobretot [&hellip;]<\/p>\n","protected":false},"author":6,"featured_media":467,"comment_status":"closed","ping_status":"closed","sticky":false,"template":"","format":"standard","meta":{"footnotes":""},"categories":[1],"tags":[],"class_list":["post-546","post","type-post","status-publish","format-standard","has-post-thumbnail","hentry","category-sin-categoria"],"yoast_head":"<!-- This site is optimized with the Yoast SEO plugin v27.1.1 - https:\/\/yoast.com\/product\/yoast-seo-wordpress\/ -->\n<title>Fant\u00e0stic sis\u00e8 lloc per en Barber\u00e1 en una cursa boja a Assen - Esponsorama<\/title>\n<meta name=\"robots\" content=\"index, follow, max-snippet:-1, max-image-preview:large, max-video-preview:-1\" \/>\n<link rel=\"canonical\" href=\"http:\/\/esponsorama.ad\/ca\/fantastic-sise-lloc-per-en-barbera-en-una-cursa-boja-a-assen\/\" \/>\n<meta property=\"og:locale\" content=\"it_IT\" \/>\n<meta property=\"og:type\" content=\"article\" \/>\n<meta property=\"og:title\" content=\"Fant\u00e0stic sis\u00e8 lloc per en Barber\u00e1 en una cursa boja a Assen - Esponsorama\" \/>\n<meta property=\"og:description\" content=\"El pilot d\u2019Avintia Racing, l\u2019H\u00e9ctor Barber\u00e1 ha aconseguit un fant\u00e0stic sis\u00e8 lloc en una carrera boja que s&#8217;ha disputat en dues parts. Era la primera vegada en 86 anys d&#8217;hist\u00f2ria de l&#8217;Dutch TT que es corria en diumenge, a m\u00e9s de la cursa n\u00famero 250 de l&#8217;era MotoGP al Campionat del M\u00f3n. Per\u00f2 m\u00e9s sobretot [&hellip;]\" \/>\n<meta property=\"og:url\" content=\"http:\/\/esponsorama.ad\/ca\/fantastic-sise-lloc-per-en-barbera-en-una-cursa-boja-a-assen\/\" \/>\n<meta property=\"og:site_name\" content=\"Esponsorama\" \/>\n<meta property=\"article:published_time\" content=\"2016-07-20T15:43:05+00:00\" \/>\n<meta property=\"article:modified_time\" content=\"2016-07-20T17:57:54+00:00\" \/>\n<meta property=\"og:image\" content=\"http:\/\/esponsorama.ad\/wp-content\/uploads\/2016\/06\/08_ASSEN_2016_REPSOL_MGP-0868.jpg\" \/>\n\t<meta property=\"og:image:width\" content=\"5184\" \/>\n\t<meta property=\"og:image:height\" content=\"3456\" \/>\n\t<meta property=\"og:image:type\" content=\"image\/jpeg\" \/>\n<meta name=\"author\" content=\"Xavi Andornet\" \/>\n<meta name=\"twitter:card\" content=\"summary_large_image\" \/>\n<meta name=\"twitter:label1\" content=\"Written by\" \/>\n\t<meta name=\"twitter:data1\" content=\"Xavi Andornet\" \/>\n\t<meta name=\"twitter:label2\" content=\"Est. reading time\" \/>\n\t<meta name=\"twitter:data2\" content=\"2 minutes\" \/>\n<script type=\"application\/ld+json\" class=\"yoast-schema-graph\">{\"@context\":\"https:\/\/schema.org\",\"@graph\":[{\"@type\":\"Article\",\"@id\":\"http:\/\/esponsorama.ad\/ca\/fantastic-sise-lloc-per-en-barbera-en-una-cursa-boja-a-assen\/#article\",\"isPartOf\":{\"@id\":\"http:\/\/esponsorama.ad\/ca\/fantastic-sise-lloc-per-en-barbera-en-una-cursa-boja-a-assen\/\"},\"author\":{\"name\":\"Xavi Andornet\",\"@id\":\"http:\/\/esponsorama.ad\/es\/#\/schema\/person\/a5cde74945183d737066e46b61c6f9c4\"},\"headline\":\"Fant\u00e0stic sis\u00e8 lloc per en Barber\u00e1 en una cursa boja a Assen\",\"datePublished\":\"2016-07-20T15:43:05+00:00\",\"dateModified\":\"2016-07-20T17:57:54+00:00\",\"mainEntityOfPage\":{\"@id\":\"http:\/\/esponsorama.ad\/ca\/fantastic-sise-lloc-per-en-barbera-en-una-cursa-boja-a-assen\/\"},\"wordCount\":498,\"image\":{\"@id\":\"http:\/\/esponsorama.ad\/ca\/fantastic-sise-lloc-per-en-barbera-en-una-cursa-boja-a-assen\/#primaryimage\"},\"thumbnailUrl\":\"http:\/\/esponsorama.ad\/wp-content\/uploads\/2016\/06\/08_ASSEN_2016_REPSOL_MGP-0868.jpg\",\"articleSection\":[\"Sin categor\u00eda\"],\"inLanguage\":\"it-IT\"},{\"@type\":\"WebPage\",\"@id\":\"http:\/\/esponsorama.ad\/ca\/fantastic-sise-lloc-per-en-barbera-en-una-cursa-boja-a-assen\/\",\"url\":\"http:\/\/esponsorama.ad\/ca\/fantastic-sise-lloc-per-en-barbera-en-una-cursa-boja-a-assen\/\",\"name\":\"Fant\u00e0stic sis\u00e8 lloc per en Barber\u00e1 en una cursa boja a Assen - Esponsorama\",\"isPartOf\":{\"@id\":\"http:\/\/esponsorama.ad\/es\/#website\"},\"primaryImageOfPage\":{\"@id\":\"http:\/\/esponsorama.ad\/ca\/fantastic-sise-lloc-per-en-barbera-en-una-cursa-boja-a-assen\/#primaryimage\"},\"image\":{\"@id\":\"http:\/\/esponsorama.ad\/ca\/fantastic-sise-lloc-per-en-barbera-en-una-cursa-boja-a-assen\/#primaryimage\"},\"thumbnailUrl\":\"http:\/\/esponsorama.ad\/wp-content\/uploads\/2016\/06\/08_ASSEN_2016_REPSOL_MGP-0868.jpg\",\"datePublished\":\"2016-07-20T15:43:05+00:00\",\"dateModified\":\"2016-07-20T17:57:54+00:00\",\"author\":{\"@id\":\"http:\/\/esponsorama.ad\/es\/#\/schema\/person\/a5cde74945183d737066e46b61c6f9c4\"},\"breadcrumb\":{\"@id\":\"http:\/\/esponsorama.ad\/ca\/fantastic-sise-lloc-per-en-barbera-en-una-cursa-boja-a-assen\/#breadcrumb\"},\"inLanguage\":\"it-IT\",\"potentialAction\":[{\"@type\":\"ReadAction\",\"target\":[\"http:\/\/esponsorama.ad\/ca\/fantastic-sise-lloc-per-en-barbera-en-una-cursa-boja-a-assen\/\"]}]},{\"@type\":\"ImageObject\",\"inLanguage\":\"it-IT\",\"@id\":\"http:\/\/esponsorama.ad\/ca\/fantastic-sise-lloc-per-en-barbera-en-una-cursa-boja-a-assen\/#primaryimage\",\"url\":\"http:\/\/esponsorama.ad\/wp-content\/uploads\/2016\/06\/08_ASSEN_2016_REPSOL_MGP-0868.jpg\",\"contentUrl\":\"http:\/\/esponsorama.ad\/wp-content\/uploads\/2016\/06\/08_ASSEN_2016_REPSOL_MGP-0868.jpg\",\"width\":5184,\"height\":3456},{\"@type\":\"BreadcrumbList\",\"@id\":\"http:\/\/esponsorama.ad\/ca\/fantastic-sise-lloc-per-en-barbera-en-una-cursa-boja-a-assen\/#breadcrumb\",\"itemListElement\":[{\"@type\":\"ListItem\",\"position\":1,\"name\":\"Home\",\"item\":\"http:\/\/esponsorama.ad\/en\/\"},{\"@type\":\"ListItem\",\"position\":2,\"name\":\"Fant\u00e0stic sis\u00e8 lloc per en Barber\u00e1 en una cursa boja a Assen\"}]},{\"@type\":\"WebSite\",\"@id\":\"http:\/\/esponsorama.ad\/es\/#website\",\"url\":\"http:\/\/esponsorama.ad\/es\/\",\"name\":\"Esponsorama\",\"description\":\"Specialist in motorsport sponsorship and event promotions\",\"potentialAction\":[{\"@type\":\"SearchAction\",\"target\":{\"@type\":\"EntryPoint\",\"urlTemplate\":\"http:\/\/esponsorama.ad\/es\/?s={search_term_string}\"},\"query-input\":{\"@type\":\"PropertyValueSpecification\",\"valueRequired\":true,\"valueName\":\"search_term_string\"}}],\"inLanguage\":\"it-IT\"},{\"@type\":\"Person\",\"@id\":\"http:\/\/esponsorama.ad\/es\/#\/schema\/person\/a5cde74945183d737066e46b61c6f9c4\",\"name\":\"Xavi Andornet\",\"image\":{\"@type\":\"ImageObject\",\"inLanguage\":\"it-IT\",\"@id\":\"http:\/\/esponsorama.ad\/es\/#\/schema\/person\/image\/\",\"url\":\"https:\/\/secure.gravatar.com\/avatar\/f10eaf9ad601244a2357c9fd7cd9805ed166cfaaf76d5d9ab08a9d873e70147a?s=96&d=mm&r=g\",\"contentUrl\":\"https:\/\/secure.gravatar.com\/avatar\/f10eaf9ad601244a2357c9fd7cd9805ed166cfaaf76d5d9ab08a9d873e70147a?s=96&d=mm&r=g\",\"caption\":\"Xavi Andornet\"},\"sameAs\":[\"http:\/\/www.andornet.ad\"],\"url\":\"http:\/\/esponsorama.ad\/it\/author\/andornet\/\"}]}<\/script>\n<!-- \/ Yoast SEO plugin. -->","yoast_head_json":{"title":"Fant\u00e0stic sis\u00e8 lloc per en Barber\u00e1 en una cursa boja a Assen - Esponsorama","robots":{"index":"index","follow":"follow","max-snippet":"max-snippet:-1","max-image-preview":"max-image-preview:large","max-video-preview":"max-video-preview:-1"},"canonical":"http:\/\/esponsorama.ad\/ca\/fantastic-sise-lloc-per-en-barbera-en-una-cursa-boja-a-assen\/","og_locale":"it_IT","og_type":"article","og_title":"Fant\u00e0stic sis\u00e8 lloc per en Barber\u00e1 en una cursa boja a Assen - Esponsorama","og_description":"El pilot d\u2019Avintia Racing, l\u2019H\u00e9ctor Barber\u00e1 ha aconseguit un fant\u00e0stic sis\u00e8 lloc en una carrera boja que s&#8217;ha disputat en dues parts. Era la primera vegada en 86 anys d&#8217;hist\u00f2ria de l&#8217;Dutch TT que es corria en diumenge, a m\u00e9s de la cursa n\u00famero 250 de l&#8217;era MotoGP al Campionat del M\u00f3n. Per\u00f2 m\u00e9s sobretot [&hellip;]","og_url":"http:\/\/esponsorama.ad\/ca\/fantastic-sise-lloc-per-en-barbera-en-una-cursa-boja-a-assen\/","og_site_name":"Esponsorama","article_published_time":"2016-07-20T15:43:05+00:00","article_modified_time":"2016-07-20T17:57:54+00:00","og_image":[{"width":5184,"height":3456,"url":"http:\/\/esponsorama.ad\/wp-content\/uploads\/2016\/06\/08_ASSEN_2016_REPSOL_MGP-0868.jpg","type":"image\/jpeg"}],"author":"Xavi Andornet","twitter_card":"summary_large_image","twitter_misc":{"Written by":"Xavi Andornet","Est. reading time":"2 minutes"},"schema":{"@context":"https:\/\/schema.org","@graph":[{"@type":"Article","@id":"http:\/\/esponsorama.ad\/ca\/fantastic-sise-lloc-per-en-barbera-en-una-cursa-boja-a-assen\/#article","isPartOf":{"@id":"http:\/\/esponsorama.ad\/ca\/fantastic-sise-lloc-per-en-barbera-en-una-cursa-boja-a-assen\/"},"author":{"name":"Xavi Andornet","@id":"http:\/\/esponsorama.ad\/es\/#\/schema\/person\/a5cde74945183d737066e46b61c6f9c4"},"headline":"Fant\u00e0stic sis\u00e8 lloc per en Barber\u00e1 en una cursa boja a Assen","datePublished":"2016-07-20T15:43:05+00:00","dateModified":"2016-07-20T17:57:54+00:00","mainEntityOfPage":{"@id":"http:\/\/esponsorama.ad\/ca\/fantastic-sise-lloc-per-en-barbera-en-una-cursa-boja-a-assen\/"},"wordCount":498,"image":{"@id":"http:\/\/esponsorama.ad\/ca\/fantastic-sise-lloc-per-en-barbera-en-una-cursa-boja-a-assen\/#primaryimage"},"thumbnailUrl":"http:\/\/esponsorama.ad\/wp-content\/uploads\/2016\/06\/08_ASSEN_2016_REPSOL_MGP-0868.jpg","articleSection":["Sin categor\u00eda"],"inLanguage":"it-IT"},{"@type":"WebPage","@id":"http:\/\/esponsorama.ad\/ca\/fantastic-sise-lloc-per-en-barbera-en-una-cursa-boja-a-assen\/","url":"http:\/\/esponsorama.ad\/ca\/fantastic-sise-lloc-per-en-barbera-en-una-cursa-boja-a-assen\/","name":"Fant\u00e0stic sis\u00e8 lloc per en Barber\u00e1 en una cursa boja a Assen - Esponsorama","isPartOf":{"@id":"http:\/\/esponsorama.ad\/es\/#website"},"primaryImageOfPage":{"@id":"http:\/\/esponsorama.ad\/ca\/fantastic-sise-lloc-per-en-barbera-en-una-cursa-boja-a-assen\/#primaryimage"},"image":{"@id":"http:\/\/esponsorama.ad\/ca\/fantastic-sise-lloc-per-en-barbera-en-una-cursa-boja-a-assen\/#primaryimage"},"thumbnailUrl":"http:\/\/esponsorama.ad\/wp-content\/uploads\/2016\/06\/08_ASSEN_2016_REPSOL_MGP-0868.jpg","datePublished":"2016-07-20T15:43:05+00:00","dateModified":"2016-07-20T17:57:54+00:00","author":{"@id":"http:\/\/esponsorama.ad\/es\/#\/schema\/person\/a5cde74945183d737066e46b61c6f9c4"},"breadcrumb":{"@id":"http:\/\/esponsorama.ad\/ca\/fantastic-sise-lloc-per-en-barbera-en-una-cursa-boja-a-assen\/#breadcrumb"},"inLanguage":"it-IT","potentialAction":[{"@type":"ReadAction","target":["http:\/\/esponsorama.ad\/ca\/fantastic-sise-lloc-per-en-barbera-en-una-cursa-boja-a-assen\/"]}]},{"@type":"ImageObject","inLanguage":"it-IT","@id":"http:\/\/esponsorama.ad\/ca\/fantastic-sise-lloc-per-en-barbera-en-una-cursa-boja-a-assen\/#primaryimage","url":"http:\/\/esponsorama.ad\/wp-content\/uploads\/2016\/06\/08_ASSEN_2016_REPSOL_MGP-0868.jpg","contentUrl":"http:\/\/esponsorama.ad\/wp-content\/uploads\/2016\/06\/08_ASSEN_2016_REPSOL_MGP-0868.jpg","width":5184,"height":3456},{"@type":"BreadcrumbList","@id":"http:\/\/esponsorama.ad\/ca\/fantastic-sise-lloc-per-en-barbera-en-una-cursa-boja-a-assen\/#breadcrumb","itemListElement":[{"@type":"ListItem","position":1,"name":"Home","item":"http:\/\/esponsorama.ad\/en\/"},{"@type":"ListItem","position":2,"name":"Fant\u00e0stic sis\u00e8 lloc per en Barber\u00e1 en una cursa boja a Assen"}]},{"@type":"WebSite","@id":"http:\/\/esponsorama.ad\/es\/#website","url":"http:\/\/esponsorama.ad\/es\/","name":"Esponsorama","description":"Specialist in motorsport sponsorship and event promotions","potentialAction":[{"@type":"SearchAction","target":{"@type":"EntryPoint","urlTemplate":"http:\/\/esponsorama.ad\/es\/?s={search_term_string}"},"query-input":{"@type":"PropertyValueSpecification","valueRequired":true,"valueName":"search_term_string"}}],"inLanguage":"it-IT"},{"@type":"Person","@id":"http:\/\/esponsorama.ad\/es\/#\/schema\/person\/a5cde74945183d737066e46b61c6f9c4","name":"Xavi Andornet","image":{"@type":"ImageObject","inLanguage":"it-IT","@id":"http:\/\/esponsorama.ad\/es\/#\/schema\/person\/image\/","url":"https:\/\/secure.gravatar.com\/avatar\/f10eaf9ad601244a2357c9fd7cd9805ed166cfaaf76d5d9ab08a9d873e70147a?s=96&d=mm&r=g","contentUrl":"https:\/\/secure.gravatar.com\/avatar\/f10eaf9ad601244a2357c9fd7cd9805ed166cfaaf76d5d9ab08a9d873e70147a?s=96&d=mm&r=g","caption":"Xavi Andornet"},"sameAs":["http:\/\/www.andornet.ad"],"url":"http:\/\/esponsorama.ad\/it\/author\/andornet\/"}]}},"_links":{"self":[{"href":"http:\/\/esponsorama.ad\/it\/wp-json\/wp\/v2\/posts\/546","targetHints":{"allow":["GET"]}}],"collection":[{"href":"http:\/\/esponsorama.ad\/it\/wp-json\/wp\/v2\/posts"}],"about":[{"href":"http:\/\/esponsorama.ad\/it\/wp-json\/wp\/v2\/types\/post"}],"author":[{"embeddable":true,"href":"http:\/\/esponsorama.ad\/it\/wp-json\/wp\/v2\/users\/6"}],"replies":[{"embeddable":true,"href":"http:\/\/esponsorama.ad\/it\/wp-json\/wp\/v2\/comments?post=546"}],"version-history":[{"count":0,"href":"http:\/\/esponsorama.ad\/it\/wp-json\/wp\/v2\/posts\/546\/revisions"}],"wp:featuredmedia":[{"embeddable":true,"href":"http:\/\/esponsorama.ad\/it\/wp-json\/wp\/v2\/media\/467"}],"wp:attachment":[{"href":"http:\/\/esponsorama.ad\/it\/wp-json\/wp\/v2\/media?parent=546"}],"wp:term":[{"taxonomy":"category","embeddable":true,"href":"http:\/\/esponsorama.ad\/it\/wp-json\/wp\/v2\/categories?post=546"},{"taxonomy":"post_tag","embeddable":true,"href":"http:\/\/esponsorama.ad\/it\/wp-json\/wp\/v2\/tags?post=546"}],"curies":[{"name":"wp","href":"https:\/\/api.w.org\/{rel}","templated":true}]}}