{"id":5638,"date":"2017-08-25T18:52:06","date_gmt":"2017-08-25T16:52:06","guid":{"rendered":"http:\/\/esponsorama.ad\/?p=5638"},"modified":"2017-08-25T18:52:06","modified_gmt":"2017-08-25T16:52:06","slug":"primer-dia-trabajo-silverstone-baz-barbera","status":"publish","type":"post","link":"http:\/\/esponsorama.ad\/ca\/primer-dia-trabajo-silverstone-baz-barbera\/","title":{"rendered":"Primer dia de treball a Silverstone per Baz i Barber\u00e1"},"content":{"rendered":"<p>Els pilots de l&#8217;equip Reale Avintia Racing, H\u00e9ctor Barber\u00e1 i Loris Baz, han completat el primer dia d&#8217;entrenaments lliures per al Gran Premi de la Gran Bretanya avui a Silverstone. El clima, que sempre \u00e9s un problema a Anglaterra, ha estat perfecte i les dues sessions de 45 minuts s&#8217;han disputat sota un sol radiant.<\/p>\n<p>Loris Baz ha treballat per millorar les seves sensacions amb la moto del mat\u00ed a la tarda i ha acabat el dia 15\u00ba. El pilot franc\u00e8s del Reale Avintia Racing est\u00e0 conven\u00e7ut de poder fer un altre pas dem\u00e0 per lluitar per entrar a la Q2, cosa que ha aconseguit en les dues \u00faltimes carreres.<\/p>\n<p>Per H\u00e9ctor Barber\u00e1 el primer dia a Silverstone ha estat m\u00e9s complicat. L&#8217;espanyol ha tingut problemes al mat\u00ed per aconseguir un bon temps i al costat del seu equip ha decidit fer un pas enrere i tornar a provar la posada a punt que va utilitzar a Barcelona. Els resultats han estat immediats i ha aconseguit millorar els seus temps, per\u00f2 no prou. Dem\u00e0 intentar\u00e0 seguir amb la seva l\u00ednia de millora per aconseguir la millor posici\u00f3 a la graella per a la cursa de diumenge.<\/p>\n\n<p>&#8220;Silverstone \u00e9s un circuit en el qual m&#8217;encanta rodar, per\u00f2 alhora \u00e9s una pista molt complicada perqu\u00e8 t\u00e9 molts sots i per anar de pressa has de sentir-te b\u00e9 sobre la moto. Aquest mat\u00ed ha estat una mica dif\u00edcil, per\u00f2 hem millorat bastant en el segon lliure i ens ha faltat poc per poder estar entre els deu primers. Per ser un circuit tan llarg est\u00e0 tot molt ajustat i estem a nom\u00e9s 3 d\u00e8cimes del &#8216;Top 10&#8217;. A veure si aconseguim millorar la moto una mica m\u00e9s, per\u00f2 ser\u00e0 complicat perqu\u00e8 hi ha revolts llargs i aquest \u00e9s un gran problema que de moment tenim. Nosaltres sortirem amb l&#8217;objectiu d&#8217;entrar de nou a la Q2, ja veurem qu\u00e8 passa.\u201d<\/p>\n\n<p>&#8220;Ha estat un dia for\u00e7a complicat perqu\u00e8, a m\u00e9s que la pista sempre em sol costar una mica, aquest mat\u00ed hem sortit amb els mateixos reglatges de les \u00faltimes carreres en qu\u00e8 busc\u00e0vem que la posada a punt m&#8217;ajud\u00e9s a canviar el meu estil de pilotatge . Per\u00f2 han passat dues carreres i \u00e9s molt complicat canviar tot en mitja hora. Per aix\u00f2 aquesta tarda hem tornat enrere i hem fet servir els reglatges que vaig portar a Barcelona on em vaig trobar c\u00f2mode sobre la moto. Efectivament han funcionat b\u00e9 i he aconseguit millorar els temps, les sensacions han millorat i tot ha anat rodat, per\u00f2 no hem tingut molt de temps. Estic conven\u00e7ut que dem\u00e0 podrem anar m\u00e9s r\u00e0pid i que en aquesta cursa podrem aspirar a un millor resultat.\u201d<\/p>\n","protected":false},"excerpt":{"rendered":"<p>Els pilots de l&#8217;equip Reale Avintia Racing, H\u00e9ctor Barber\u00e1 i Loris Baz, han completat el primer dia d&#8217;entrenaments lliures per al Gran Premi de la Gran Bretanya avui a Silverstone. El clima, que sempre \u00e9s un problema a Anglaterra, ha estat perfecte i les dues sessions de 45 minuts s&#8217;han disputat sota un sol radiant. [&hellip;]<\/p>\n","protected":false},"author":6,"featured_media":5615,"comment_status":"closed","ping_status":"closed","sticky":false,"template":"","format":"standard","meta":{"footnotes":""},"categories":[3],"tags":[],"class_list":["post-5638","post","type-post","status-publish","format-standard","has-post-thumbnail","hentry","category-motogp"],"yoast_head":"<!-- This site is optimized with the Yoast SEO plugin v27.1.1 - https:\/\/yoast.com\/product\/yoast-seo-wordpress\/ -->\n<title>Primer dia de treball a Silverstone per Baz i Barber\u00e1 - Esponsorama<\/title>\n<meta name=\"robots\" content=\"index, follow, max-snippet:-1, max-image-preview:large, max-video-preview:-1\" \/>\n<link rel=\"canonical\" href=\"http:\/\/esponsorama.ad\/ca\/primer-dia-trabajo-silverstone-baz-barbera\/\" \/>\n<meta property=\"og:locale\" content=\"it_IT\" \/>\n<meta property=\"og:type\" content=\"article\" \/>\n<meta property=\"og:title\" content=\"Primer dia de treball a Silverstone per Baz i Barber\u00e1 - Esponsorama\" \/>\n<meta property=\"og:description\" content=\"Els pilots de l&#8217;equip Reale Avintia Racing, H\u00e9ctor Barber\u00e1 i Loris Baz, han completat el primer dia d&#8217;entrenaments lliures per al Gran Premi de la Gran Bretanya avui a Silverstone. El clima, que sempre \u00e9s un problema a Anglaterra, ha estat perfecte i les dues sessions de 45 minuts s&#8217;han disputat sota un sol radiant. [&hellip;]\" \/>\n<meta property=\"og:url\" content=\"http:\/\/esponsorama.ad\/ca\/primer-dia-trabajo-silverstone-baz-barbera\/\" \/>\n<meta property=\"og:site_name\" content=\"Esponsorama\" \/>\n<meta property=\"article:published_time\" content=\"2017-08-25T16:52:06+00:00\" \/>\n<meta property=\"og:image\" content=\"http:\/\/esponsorama.ad\/wp-content\/uploads\/2017\/08\/12Silverstone17MgpRealeAvintia-4372.jpg\" \/>\n\t<meta property=\"og:image:width\" content=\"4536\" \/>\n\t<meta property=\"og:image:height\" content=\"3024\" \/>\n\t<meta property=\"og:image:type\" content=\"image\/jpeg\" \/>\n<meta name=\"author\" content=\"Xavi Andornet\" \/>\n<meta name=\"twitter:card\" content=\"summary_large_image\" \/>\n<meta name=\"twitter:label1\" content=\"Written by\" \/>\n\t<meta name=\"twitter:data1\" content=\"Xavi Andornet\" \/>\n\t<meta name=\"twitter:label2\" content=\"Est. reading time\" \/>\n\t<meta name=\"twitter:data2\" content=\"2 minutes\" \/>\n<script type=\"application\/ld+json\" class=\"yoast-schema-graph\">{\"@context\":\"https:\/\/schema.org\",\"@graph\":[{\"@type\":\"Article\",\"@id\":\"http:\/\/esponsorama.ad\/ca\/primer-dia-trabajo-silverstone-baz-barbera\/#article\",\"isPartOf\":{\"@id\":\"http:\/\/esponsorama.ad\/ca\/primer-dia-trabajo-silverstone-baz-barbera\/\"},\"author\":{\"name\":\"Xavi Andornet\",\"@id\":\"http:\/\/esponsorama.ad\/es\/#\/schema\/person\/a5cde74945183d737066e46b61c6f9c4\"},\"headline\":\"Primer dia de treball a Silverstone per Baz i Barber\u00e1\",\"datePublished\":\"2017-08-25T16:52:06+00:00\",\"mainEntityOfPage\":{\"@id\":\"http:\/\/esponsorama.ad\/ca\/primer-dia-trabajo-silverstone-baz-barbera\/\"},\"wordCount\":482,\"image\":{\"@id\":\"http:\/\/esponsorama.ad\/ca\/primer-dia-trabajo-silverstone-baz-barbera\/#primaryimage\"},\"thumbnailUrl\":\"http:\/\/esponsorama.ad\/wp-content\/uploads\/2017\/08\/12Silverstone17MgpRealeAvintia-4372.jpg\",\"articleSection\":[\"MotoGP\"],\"inLanguage\":\"it-IT\"},{\"@type\":\"WebPage\",\"@id\":\"http:\/\/esponsorama.ad\/ca\/primer-dia-trabajo-silverstone-baz-barbera\/\",\"url\":\"http:\/\/esponsorama.ad\/ca\/primer-dia-trabajo-silverstone-baz-barbera\/\",\"name\":\"Primer dia de treball a Silverstone per Baz i Barber\u00e1 - Esponsorama\",\"isPartOf\":{\"@id\":\"http:\/\/esponsorama.ad\/es\/#website\"},\"primaryImageOfPage\":{\"@id\":\"http:\/\/esponsorama.ad\/ca\/primer-dia-trabajo-silverstone-baz-barbera\/#primaryimage\"},\"image\":{\"@id\":\"http:\/\/esponsorama.ad\/ca\/primer-dia-trabajo-silverstone-baz-barbera\/#primaryimage\"},\"thumbnailUrl\":\"http:\/\/esponsorama.ad\/wp-content\/uploads\/2017\/08\/12Silverstone17MgpRealeAvintia-4372.jpg\",\"datePublished\":\"2017-08-25T16:52:06+00:00\",\"author\":{\"@id\":\"http:\/\/esponsorama.ad\/es\/#\/schema\/person\/a5cde74945183d737066e46b61c6f9c4\"},\"breadcrumb\":{\"@id\":\"http:\/\/esponsorama.ad\/ca\/primer-dia-trabajo-silverstone-baz-barbera\/#breadcrumb\"},\"inLanguage\":\"it-IT\",\"potentialAction\":[{\"@type\":\"ReadAction\",\"target\":[\"http:\/\/esponsorama.ad\/ca\/primer-dia-trabajo-silverstone-baz-barbera\/\"]}]},{\"@type\":\"ImageObject\",\"inLanguage\":\"it-IT\",\"@id\":\"http:\/\/esponsorama.ad\/ca\/primer-dia-trabajo-silverstone-baz-barbera\/#primaryimage\",\"url\":\"http:\/\/esponsorama.ad\/wp-content\/uploads\/2017\/08\/12Silverstone17MgpRealeAvintia-4372.jpg\",\"contentUrl\":\"http:\/\/esponsorama.ad\/wp-content\/uploads\/2017\/08\/12Silverstone17MgpRealeAvintia-4372.jpg\",\"width\":4536,\"height\":3024},{\"@type\":\"BreadcrumbList\",\"@id\":\"http:\/\/esponsorama.ad\/ca\/primer-dia-trabajo-silverstone-baz-barbera\/#breadcrumb\",\"itemListElement\":[{\"@type\":\"ListItem\",\"position\":1,\"name\":\"Home\",\"item\":\"http:\/\/esponsorama.ad\/es\/\"},{\"@type\":\"ListItem\",\"position\":2,\"name\":\"Primer dia de treball a Silverstone per Baz i Barber\u00e1\"}]},{\"@type\":\"WebSite\",\"@id\":\"http:\/\/esponsorama.ad\/es\/#website\",\"url\":\"http:\/\/esponsorama.ad\/es\/\",\"name\":\"Esponsorama\",\"description\":\"Specialist in motorsport sponsorship and event promotions\",\"potentialAction\":[{\"@type\":\"SearchAction\",\"target\":{\"@type\":\"EntryPoint\",\"urlTemplate\":\"http:\/\/esponsorama.ad\/es\/?s={search_term_string}\"},\"query-input\":{\"@type\":\"PropertyValueSpecification\",\"valueRequired\":true,\"valueName\":\"search_term_string\"}}],\"inLanguage\":\"it-IT\"},{\"@type\":\"Person\",\"@id\":\"http:\/\/esponsorama.ad\/es\/#\/schema\/person\/a5cde74945183d737066e46b61c6f9c4\",\"name\":\"Xavi Andornet\",\"image\":{\"@type\":\"ImageObject\",\"inLanguage\":\"it-IT\",\"@id\":\"http:\/\/esponsorama.ad\/es\/#\/schema\/person\/image\/\",\"url\":\"https:\/\/secure.gravatar.com\/avatar\/f10eaf9ad601244a2357c9fd7cd9805ed166cfaaf76d5d9ab08a9d873e70147a?s=96&d=mm&r=g\",\"contentUrl\":\"https:\/\/secure.gravatar.com\/avatar\/f10eaf9ad601244a2357c9fd7cd9805ed166cfaaf76d5d9ab08a9d873e70147a?s=96&d=mm&r=g\",\"caption\":\"Xavi Andornet\"},\"sameAs\":[\"http:\/\/www.andornet.ad\"],\"url\":\"http:\/\/esponsorama.ad\/it\/author\/andornet\/\"}]}<\/script>\n<!-- \/ Yoast SEO plugin. -->","yoast_head_json":{"title":"Primer dia de treball a Silverstone per Baz i Barber\u00e1 - Esponsorama","robots":{"index":"index","follow":"follow","max-snippet":"max-snippet:-1","max-image-preview":"max-image-preview:large","max-video-preview":"max-video-preview:-1"},"canonical":"http:\/\/esponsorama.ad\/ca\/primer-dia-trabajo-silverstone-baz-barbera\/","og_locale":"it_IT","og_type":"article","og_title":"Primer dia de treball a Silverstone per Baz i Barber\u00e1 - Esponsorama","og_description":"Els pilots de l&#8217;equip Reale Avintia Racing, H\u00e9ctor Barber\u00e1 i Loris Baz, han completat el primer dia d&#8217;entrenaments lliures per al Gran Premi de la Gran Bretanya avui a Silverstone. El clima, que sempre \u00e9s un problema a Anglaterra, ha estat perfecte i les dues sessions de 45 minuts s&#8217;han disputat sota un sol radiant. [&hellip;]","og_url":"http:\/\/esponsorama.ad\/ca\/primer-dia-trabajo-silverstone-baz-barbera\/","og_site_name":"Esponsorama","article_published_time":"2017-08-25T16:52:06+00:00","og_image":[{"width":4536,"height":3024,"url":"http:\/\/esponsorama.ad\/wp-content\/uploads\/2017\/08\/12Silverstone17MgpRealeAvintia-4372.jpg","type":"image\/jpeg"}],"author":"Xavi Andornet","twitter_card":"summary_large_image","twitter_misc":{"Written by":"Xavi Andornet","Est. reading time":"2 minutes"},"schema":{"@context":"https:\/\/schema.org","@graph":[{"@type":"Article","@id":"http:\/\/esponsorama.ad\/ca\/primer-dia-trabajo-silverstone-baz-barbera\/#article","isPartOf":{"@id":"http:\/\/esponsorama.ad\/ca\/primer-dia-trabajo-silverstone-baz-barbera\/"},"author":{"name":"Xavi Andornet","@id":"http:\/\/esponsorama.ad\/es\/#\/schema\/person\/a5cde74945183d737066e46b61c6f9c4"},"headline":"Primer dia de treball a Silverstone per Baz i Barber\u00e1","datePublished":"2017-08-25T16:52:06+00:00","mainEntityOfPage":{"@id":"http:\/\/esponsorama.ad\/ca\/primer-dia-trabajo-silverstone-baz-barbera\/"},"wordCount":482,"image":{"@id":"http:\/\/esponsorama.ad\/ca\/primer-dia-trabajo-silverstone-baz-barbera\/#primaryimage"},"thumbnailUrl":"http:\/\/esponsorama.ad\/wp-content\/uploads\/2017\/08\/12Silverstone17MgpRealeAvintia-4372.jpg","articleSection":["MotoGP"],"inLanguage":"it-IT"},{"@type":"WebPage","@id":"http:\/\/esponsorama.ad\/ca\/primer-dia-trabajo-silverstone-baz-barbera\/","url":"http:\/\/esponsorama.ad\/ca\/primer-dia-trabajo-silverstone-baz-barbera\/","name":"Primer dia de treball a Silverstone per Baz i Barber\u00e1 - Esponsorama","isPartOf":{"@id":"http:\/\/esponsorama.ad\/es\/#website"},"primaryImageOfPage":{"@id":"http:\/\/esponsorama.ad\/ca\/primer-dia-trabajo-silverstone-baz-barbera\/#primaryimage"},"image":{"@id":"http:\/\/esponsorama.ad\/ca\/primer-dia-trabajo-silverstone-baz-barbera\/#primaryimage"},"thumbnailUrl":"http:\/\/esponsorama.ad\/wp-content\/uploads\/2017\/08\/12Silverstone17MgpRealeAvintia-4372.jpg","datePublished":"2017-08-25T16:52:06+00:00","author":{"@id":"http:\/\/esponsorama.ad\/es\/#\/schema\/person\/a5cde74945183d737066e46b61c6f9c4"},"breadcrumb":{"@id":"http:\/\/esponsorama.ad\/ca\/primer-dia-trabajo-silverstone-baz-barbera\/#breadcrumb"},"inLanguage":"it-IT","potentialAction":[{"@type":"ReadAction","target":["http:\/\/esponsorama.ad\/ca\/primer-dia-trabajo-silverstone-baz-barbera\/"]}]},{"@type":"ImageObject","inLanguage":"it-IT","@id":"http:\/\/esponsorama.ad\/ca\/primer-dia-trabajo-silverstone-baz-barbera\/#primaryimage","url":"http:\/\/esponsorama.ad\/wp-content\/uploads\/2017\/08\/12Silverstone17MgpRealeAvintia-4372.jpg","contentUrl":"http:\/\/esponsorama.ad\/wp-content\/uploads\/2017\/08\/12Silverstone17MgpRealeAvintia-4372.jpg","width":4536,"height":3024},{"@type":"BreadcrumbList","@id":"http:\/\/esponsorama.ad\/ca\/primer-dia-trabajo-silverstone-baz-barbera\/#breadcrumb","itemListElement":[{"@type":"ListItem","position":1,"name":"Home","item":"http:\/\/esponsorama.ad\/es\/"},{"@type":"ListItem","position":2,"name":"Primer dia de treball a Silverstone per Baz i Barber\u00e1"}]},{"@type":"WebSite","@id":"http:\/\/esponsorama.ad\/es\/#website","url":"http:\/\/esponsorama.ad\/es\/","name":"Esponsorama","description":"Specialist in motorsport sponsorship and event promotions","potentialAction":[{"@type":"SearchAction","target":{"@type":"EntryPoint","urlTemplate":"http:\/\/esponsorama.ad\/es\/?s={search_term_string}"},"query-input":{"@type":"PropertyValueSpecification","valueRequired":true,"valueName":"search_term_string"}}],"inLanguage":"it-IT"},{"@type":"Person","@id":"http:\/\/esponsorama.ad\/es\/#\/schema\/person\/a5cde74945183d737066e46b61c6f9c4","name":"Xavi Andornet","image":{"@type":"ImageObject","inLanguage":"it-IT","@id":"http:\/\/esponsorama.ad\/es\/#\/schema\/person\/image\/","url":"https:\/\/secure.gravatar.com\/avatar\/f10eaf9ad601244a2357c9fd7cd9805ed166cfaaf76d5d9ab08a9d873e70147a?s=96&d=mm&r=g","contentUrl":"https:\/\/secure.gravatar.com\/avatar\/f10eaf9ad601244a2357c9fd7cd9805ed166cfaaf76d5d9ab08a9d873e70147a?s=96&d=mm&r=g","caption":"Xavi Andornet"},"sameAs":["http:\/\/www.andornet.ad"],"url":"http:\/\/esponsorama.ad\/it\/author\/andornet\/"}]}},"_links":{"self":[{"href":"http:\/\/esponsorama.ad\/it\/wp-json\/wp\/v2\/posts\/5638","targetHints":{"allow":["GET"]}}],"collection":[{"href":"http:\/\/esponsorama.ad\/it\/wp-json\/wp\/v2\/posts"}],"about":[{"href":"http:\/\/esponsorama.ad\/it\/wp-json\/wp\/v2\/types\/post"}],"author":[{"embeddable":true,"href":"http:\/\/esponsorama.ad\/it\/wp-json\/wp\/v2\/users\/6"}],"replies":[{"embeddable":true,"href":"http:\/\/esponsorama.ad\/it\/wp-json\/wp\/v2\/comments?post=5638"}],"version-history":[{"count":0,"href":"http:\/\/esponsorama.ad\/it\/wp-json\/wp\/v2\/posts\/5638\/revisions"}],"wp:featuredmedia":[{"embeddable":true,"href":"http:\/\/esponsorama.ad\/it\/wp-json\/wp\/v2\/media\/5615"}],"wp:attachment":[{"href":"http:\/\/esponsorama.ad\/it\/wp-json\/wp\/v2\/media?parent=5638"}],"wp:term":[{"taxonomy":"category","embeddable":true,"href":"http:\/\/esponsorama.ad\/it\/wp-json\/wp\/v2\/categories?post=5638"},{"taxonomy":"post_tag","embeddable":true,"href":"http:\/\/esponsorama.ad\/it\/wp-json\/wp\/v2\/tags?post=5638"}],"curies":[{"name":"wp","href":"https:\/\/api.w.org\/{rel}","templated":true}]}}