{"id":5809,"date":"2017-09-09T17:59:03","date_gmt":"2017-09-09T15:59:03","guid":{"rendered":"http:\/\/esponsorama.ad\/?p=5809"},"modified":"2017-09-09T18:02:10","modified_gmt":"2017-09-09T16:02:10","slug":"quinta-linea-los-pilotos-reale-avintia-racing-misano-3","status":"publish","type":"post","link":"http:\/\/esponsorama.ad\/ca\/quinta-linea-los-pilotos-reale-avintia-racing-misano-3\/","title":{"rendered":"Cinquena l\u00ednia per als pilots de Reale Avintia Racing a Misano"},"content":{"rendered":"<p>H\u00e9ctor Barber\u00e1 i Loris Baz sortiran dem\u00e0 al Gran Premi de San Marino des de la cinquena l\u00ednia de la graella despr\u00e9s de classificar-se 13\u00e8 i 15\u00e8 en els entrenaments cronometrats disputats avui al circuit de Misano Marco Simoncelli.\u2028L&#8217;espanyol ha patit una forta caiguda durant el FP4 i ha sortit als cronometrats<\/p>\n<p>amb la seva segona moto. En el seu primer atac al crono s&#8217;ha quedat a prop i en el segon nom\u00e9s li ha faltat una d\u00e8cima de segon per passar el tall a la Q2. El seu company al Reale Avintia, Loris Baz, ha acabat a nom\u00e9s 26 mil\u00b7l\u00e8simes de segon de Barber\u00e0 i sortir\u00e0 dos llocs m\u00e9s enrere en la mateixa l\u00ednia.<\/p>\n<p>Els pilots de MotoGP han gaudit d&#8217;un altre dia de sol i calor al circuit de Misano, per\u00f2 dem\u00e0 les previsions s\u00f3n de pluja per a la carrera. Si es compleixen, Barber\u00e1 i Baz esperen poder lluitar per acabar entre els deu primers i, si finalment la carrera \u00e9s en sec, l&#8217;objectiu ser\u00e0 sumar punts per al campionat.<\/p>\n\n<p>&#8220;Hem estat a prop per\u00f2 ens ha faltat una mica per poder entrar a la Q2 i hem acabat en la posici\u00f3 12 + 1. Al FP4 he patit una caiguda en un punt on porto perdent una mica aquest cap de setmana, he intentat fer la corba d&#8217;una altra manera, m&#8217;he pujat una mica al piano i he caigut. De totes maneres no hem sortir malament, segueixo arrossegant els mateixos problemes de tot l&#8217;any i quan freno entrant al revolt tinc molt &#8216;chattering&#8217;. Dem\u00e0 espero fer una bona carrera i el meu objectiu si no plou \u00e9s estar entre els deu primers. I si com tot apunta plou, podrem aspirar a alguna cosa m\u00e9s &#8220;.<\/p>\n\n<p>\u201cA la Q1 esperava poder estar m\u00e9s amunt, per\u00f2 al meu segon atac no he trobat cap roda i al final ens hem quedat bastant a prop. Per\u00f2 en general el dia ha anat bastant b\u00e9 i crec que tenim bon ritme per a la carrera. A les r\u00e0pides ens costa molt\u00edssim perqu\u00e8 aquesta moto estava dissenyada per anar amb ales i en les r\u00e0pides no hi ha cap suport de la roda davantera. He salvat diverses caigudes en aquest punt i la veritat \u00e9s que fa por en un lloc on vas gaireb\u00e9 a 300 km \/ h. Veurem si dem\u00e0 plou i fins on podem arribar &#8220;.<\/p>\n","protected":false},"excerpt":{"rendered":"<p>H\u00e9ctor Barber\u00e1 i Loris Baz sortiran dem\u00e0 al Gran Premi de San Marino des de la cinquena l\u00ednia de la graella despr\u00e9s de classificar-se 13\u00e8 i 15\u00e8 en els entrenaments cronometrats disputats avui al circuit de Misano Marco Simoncelli.\u2028L&#8217;espanyol ha patit una forta caiguda durant el FP4 i ha sortit als cronometrats amb la seva [&hellip;]<\/p>\n","protected":false},"author":6,"featured_media":5780,"comment_status":"closed","ping_status":"closed","sticky":false,"template":"","format":"standard","meta":{"footnotes":""},"categories":[3],"tags":[],"class_list":["post-5809","post","type-post","status-publish","format-standard","has-post-thumbnail","hentry","category-motogp"],"yoast_head":"<!-- This site is optimized with the Yoast SEO plugin v27.1.1 - https:\/\/yoast.com\/product\/yoast-seo-wordpress\/ -->\n<title>Cinquena l\u00ednia per als pilots de Reale Avintia Racing a Misano - Esponsorama<\/title>\n<meta name=\"robots\" content=\"index, follow, max-snippet:-1, max-image-preview:large, max-video-preview:-1\" \/>\n<link rel=\"canonical\" href=\"http:\/\/esponsorama.ad\/ca\/quinta-linea-los-pilotos-reale-avintia-racing-misano-3\/\" \/>\n<meta property=\"og:locale\" content=\"it_IT\" \/>\n<meta property=\"og:type\" content=\"article\" \/>\n<meta property=\"og:title\" content=\"Cinquena l\u00ednia per als pilots de Reale Avintia Racing a Misano - Esponsorama\" \/>\n<meta property=\"og:description\" content=\"H\u00e9ctor Barber\u00e1 i Loris Baz sortiran dem\u00e0 al Gran Premi de San Marino des de la cinquena l\u00ednia de la graella despr\u00e9s de classificar-se 13\u00e8 i 15\u00e8 en els entrenaments cronometrats disputats avui al circuit de Misano Marco Simoncelli.\u2028L&#8217;espanyol ha patit una forta caiguda durant el FP4 i ha sortit als cronometrats amb la seva [&hellip;]\" \/>\n<meta property=\"og:url\" content=\"http:\/\/esponsorama.ad\/ca\/quinta-linea-los-pilotos-reale-avintia-racing-misano-3\/\" \/>\n<meta property=\"og:site_name\" content=\"Esponsorama\" \/>\n<meta property=\"article:published_time\" content=\"2017-09-09T15:59:03+00:00\" \/>\n<meta property=\"article:modified_time\" content=\"2017-09-09T16:02:10+00:00\" \/>\n<meta property=\"og:image\" content=\"http:\/\/esponsorama.ad\/wp-content\/uploads\/2017\/09\/13Misano17MgpESPONSORAMA-0006-1024x683.jpg\" \/>\n\t<meta property=\"og:image:width\" content=\"1024\" \/>\n\t<meta property=\"og:image:height\" content=\"683\" \/>\n\t<meta property=\"og:image:type\" content=\"image\/jpeg\" \/>\n<meta name=\"author\" content=\"Xavi Andornet\" \/>\n<meta name=\"twitter:card\" content=\"summary_large_image\" \/>\n<meta name=\"twitter:label1\" content=\"Written by\" \/>\n\t<meta name=\"twitter:data1\" content=\"Xavi Andornet\" \/>\n\t<meta name=\"twitter:label2\" content=\"Est. reading time\" \/>\n\t<meta name=\"twitter:data2\" content=\"2 minutes\" \/>\n<script type=\"application\/ld+json\" class=\"yoast-schema-graph\">{\"@context\":\"https:\/\/schema.org\",\"@graph\":[{\"@type\":\"Article\",\"@id\":\"http:\/\/esponsorama.ad\/ca\/quinta-linea-los-pilotos-reale-avintia-racing-misano-3\/#article\",\"isPartOf\":{\"@id\":\"http:\/\/esponsorama.ad\/ca\/quinta-linea-los-pilotos-reale-avintia-racing-misano-3\/\"},\"author\":{\"name\":\"Xavi Andornet\",\"@id\":\"http:\/\/esponsorama.ad\/es\/#\/schema\/person\/a5cde74945183d737066e46b61c6f9c4\"},\"headline\":\"Cinquena l\u00ednia per als pilots de Reale Avintia Racing a Misano\",\"datePublished\":\"2017-09-09T15:59:03+00:00\",\"dateModified\":\"2017-09-09T16:02:10+00:00\",\"mainEntityOfPage\":{\"@id\":\"http:\/\/esponsorama.ad\/ca\/quinta-linea-los-pilotos-reale-avintia-racing-misano-3\/\"},\"wordCount\":427,\"image\":{\"@id\":\"http:\/\/esponsorama.ad\/ca\/quinta-linea-los-pilotos-reale-avintia-racing-misano-3\/#primaryimage\"},\"thumbnailUrl\":\"http:\/\/esponsorama.ad\/wp-content\/uploads\/2017\/09\/13Misano17MgpESPONSORAMA-0006.jpg\",\"articleSection\":[\"MotoGP\"],\"inLanguage\":\"it-IT\"},{\"@type\":\"WebPage\",\"@id\":\"http:\/\/esponsorama.ad\/ca\/quinta-linea-los-pilotos-reale-avintia-racing-misano-3\/\",\"url\":\"http:\/\/esponsorama.ad\/ca\/quinta-linea-los-pilotos-reale-avintia-racing-misano-3\/\",\"name\":\"Cinquena l\u00ednia per als pilots de Reale Avintia Racing a Misano - Esponsorama\",\"isPartOf\":{\"@id\":\"http:\/\/esponsorama.ad\/es\/#website\"},\"primaryImageOfPage\":{\"@id\":\"http:\/\/esponsorama.ad\/ca\/quinta-linea-los-pilotos-reale-avintia-racing-misano-3\/#primaryimage\"},\"image\":{\"@id\":\"http:\/\/esponsorama.ad\/ca\/quinta-linea-los-pilotos-reale-avintia-racing-misano-3\/#primaryimage\"},\"thumbnailUrl\":\"http:\/\/esponsorama.ad\/wp-content\/uploads\/2017\/09\/13Misano17MgpESPONSORAMA-0006.jpg\",\"datePublished\":\"2017-09-09T15:59:03+00:00\",\"dateModified\":\"2017-09-09T16:02:10+00:00\",\"author\":{\"@id\":\"http:\/\/esponsorama.ad\/es\/#\/schema\/person\/a5cde74945183d737066e46b61c6f9c4\"},\"breadcrumb\":{\"@id\":\"http:\/\/esponsorama.ad\/ca\/quinta-linea-los-pilotos-reale-avintia-racing-misano-3\/#breadcrumb\"},\"inLanguage\":\"it-IT\",\"potentialAction\":[{\"@type\":\"ReadAction\",\"target\":[\"http:\/\/esponsorama.ad\/ca\/quinta-linea-los-pilotos-reale-avintia-racing-misano-3\/\"]}]},{\"@type\":\"ImageObject\",\"inLanguage\":\"it-IT\",\"@id\":\"http:\/\/esponsorama.ad\/ca\/quinta-linea-los-pilotos-reale-avintia-racing-misano-3\/#primaryimage\",\"url\":\"http:\/\/esponsorama.ad\/wp-content\/uploads\/2017\/09\/13Misano17MgpESPONSORAMA-0006.jpg\",\"contentUrl\":\"http:\/\/esponsorama.ad\/wp-content\/uploads\/2017\/09\/13Misano17MgpESPONSORAMA-0006.jpg\",\"width\":3834,\"height\":2556},{\"@type\":\"BreadcrumbList\",\"@id\":\"http:\/\/esponsorama.ad\/ca\/quinta-linea-los-pilotos-reale-avintia-racing-misano-3\/#breadcrumb\",\"itemListElement\":[{\"@type\":\"ListItem\",\"position\":1,\"name\":\"Home\",\"item\":\"http:\/\/esponsorama.ad\/en\/\"},{\"@type\":\"ListItem\",\"position\":2,\"name\":\"Cinquena l\u00ednia per als pilots de Reale Avintia Racing a Misano\"}]},{\"@type\":\"WebSite\",\"@id\":\"http:\/\/esponsorama.ad\/es\/#website\",\"url\":\"http:\/\/esponsorama.ad\/es\/\",\"name\":\"Esponsorama\",\"description\":\"Specialist in motorsport sponsorship and event promotions\",\"potentialAction\":[{\"@type\":\"SearchAction\",\"target\":{\"@type\":\"EntryPoint\",\"urlTemplate\":\"http:\/\/esponsorama.ad\/es\/?s={search_term_string}\"},\"query-input\":{\"@type\":\"PropertyValueSpecification\",\"valueRequired\":true,\"valueName\":\"search_term_string\"}}],\"inLanguage\":\"it-IT\"},{\"@type\":\"Person\",\"@id\":\"http:\/\/esponsorama.ad\/es\/#\/schema\/person\/a5cde74945183d737066e46b61c6f9c4\",\"name\":\"Xavi Andornet\",\"image\":{\"@type\":\"ImageObject\",\"inLanguage\":\"it-IT\",\"@id\":\"http:\/\/esponsorama.ad\/es\/#\/schema\/person\/image\/\",\"url\":\"https:\/\/secure.gravatar.com\/avatar\/f10eaf9ad601244a2357c9fd7cd9805ed166cfaaf76d5d9ab08a9d873e70147a?s=96&d=mm&r=g\",\"contentUrl\":\"https:\/\/secure.gravatar.com\/avatar\/f10eaf9ad601244a2357c9fd7cd9805ed166cfaaf76d5d9ab08a9d873e70147a?s=96&d=mm&r=g\",\"caption\":\"Xavi Andornet\"},\"sameAs\":[\"http:\/\/www.andornet.ad\"],\"url\":\"http:\/\/esponsorama.ad\/it\/author\/andornet\/\"}]}<\/script>\n<!-- \/ Yoast SEO plugin. -->","yoast_head_json":{"title":"Cinquena l\u00ednia per als pilots de Reale Avintia Racing a Misano - Esponsorama","robots":{"index":"index","follow":"follow","max-snippet":"max-snippet:-1","max-image-preview":"max-image-preview:large","max-video-preview":"max-video-preview:-1"},"canonical":"http:\/\/esponsorama.ad\/ca\/quinta-linea-los-pilotos-reale-avintia-racing-misano-3\/","og_locale":"it_IT","og_type":"article","og_title":"Cinquena l\u00ednia per als pilots de Reale Avintia Racing a Misano - Esponsorama","og_description":"H\u00e9ctor Barber\u00e1 i Loris Baz sortiran dem\u00e0 al Gran Premi de San Marino des de la cinquena l\u00ednia de la graella despr\u00e9s de classificar-se 13\u00e8 i 15\u00e8 en els entrenaments cronometrats disputats avui al circuit de Misano Marco Simoncelli.\u2028L&#8217;espanyol ha patit una forta caiguda durant el FP4 i ha sortit als cronometrats amb la seva [&hellip;]","og_url":"http:\/\/esponsorama.ad\/ca\/quinta-linea-los-pilotos-reale-avintia-racing-misano-3\/","og_site_name":"Esponsorama","article_published_time":"2017-09-09T15:59:03+00:00","article_modified_time":"2017-09-09T16:02:10+00:00","og_image":[{"width":1024,"height":683,"url":"http:\/\/esponsorama.ad\/wp-content\/uploads\/2017\/09\/13Misano17MgpESPONSORAMA-0006-1024x683.jpg","type":"image\/jpeg"}],"author":"Xavi Andornet","twitter_card":"summary_large_image","twitter_misc":{"Written by":"Xavi Andornet","Est. reading time":"2 minutes"},"schema":{"@context":"https:\/\/schema.org","@graph":[{"@type":"Article","@id":"http:\/\/esponsorama.ad\/ca\/quinta-linea-los-pilotos-reale-avintia-racing-misano-3\/#article","isPartOf":{"@id":"http:\/\/esponsorama.ad\/ca\/quinta-linea-los-pilotos-reale-avintia-racing-misano-3\/"},"author":{"name":"Xavi Andornet","@id":"http:\/\/esponsorama.ad\/es\/#\/schema\/person\/a5cde74945183d737066e46b61c6f9c4"},"headline":"Cinquena l\u00ednia per als pilots de Reale Avintia Racing a Misano","datePublished":"2017-09-09T15:59:03+00:00","dateModified":"2017-09-09T16:02:10+00:00","mainEntityOfPage":{"@id":"http:\/\/esponsorama.ad\/ca\/quinta-linea-los-pilotos-reale-avintia-racing-misano-3\/"},"wordCount":427,"image":{"@id":"http:\/\/esponsorama.ad\/ca\/quinta-linea-los-pilotos-reale-avintia-racing-misano-3\/#primaryimage"},"thumbnailUrl":"http:\/\/esponsorama.ad\/wp-content\/uploads\/2017\/09\/13Misano17MgpESPONSORAMA-0006.jpg","articleSection":["MotoGP"],"inLanguage":"it-IT"},{"@type":"WebPage","@id":"http:\/\/esponsorama.ad\/ca\/quinta-linea-los-pilotos-reale-avintia-racing-misano-3\/","url":"http:\/\/esponsorama.ad\/ca\/quinta-linea-los-pilotos-reale-avintia-racing-misano-3\/","name":"Cinquena l\u00ednia per als pilots de Reale Avintia Racing a Misano - Esponsorama","isPartOf":{"@id":"http:\/\/esponsorama.ad\/es\/#website"},"primaryImageOfPage":{"@id":"http:\/\/esponsorama.ad\/ca\/quinta-linea-los-pilotos-reale-avintia-racing-misano-3\/#primaryimage"},"image":{"@id":"http:\/\/esponsorama.ad\/ca\/quinta-linea-los-pilotos-reale-avintia-racing-misano-3\/#primaryimage"},"thumbnailUrl":"http:\/\/esponsorama.ad\/wp-content\/uploads\/2017\/09\/13Misano17MgpESPONSORAMA-0006.jpg","datePublished":"2017-09-09T15:59:03+00:00","dateModified":"2017-09-09T16:02:10+00:00","author":{"@id":"http:\/\/esponsorama.ad\/es\/#\/schema\/person\/a5cde74945183d737066e46b61c6f9c4"},"breadcrumb":{"@id":"http:\/\/esponsorama.ad\/ca\/quinta-linea-los-pilotos-reale-avintia-racing-misano-3\/#breadcrumb"},"inLanguage":"it-IT","potentialAction":[{"@type":"ReadAction","target":["http:\/\/esponsorama.ad\/ca\/quinta-linea-los-pilotos-reale-avintia-racing-misano-3\/"]}]},{"@type":"ImageObject","inLanguage":"it-IT","@id":"http:\/\/esponsorama.ad\/ca\/quinta-linea-los-pilotos-reale-avintia-racing-misano-3\/#primaryimage","url":"http:\/\/esponsorama.ad\/wp-content\/uploads\/2017\/09\/13Misano17MgpESPONSORAMA-0006.jpg","contentUrl":"http:\/\/esponsorama.ad\/wp-content\/uploads\/2017\/09\/13Misano17MgpESPONSORAMA-0006.jpg","width":3834,"height":2556},{"@type":"BreadcrumbList","@id":"http:\/\/esponsorama.ad\/ca\/quinta-linea-los-pilotos-reale-avintia-racing-misano-3\/#breadcrumb","itemListElement":[{"@type":"ListItem","position":1,"name":"Home","item":"http:\/\/esponsorama.ad\/en\/"},{"@type":"ListItem","position":2,"name":"Cinquena l\u00ednia per als pilots de Reale Avintia Racing a Misano"}]},{"@type":"WebSite","@id":"http:\/\/esponsorama.ad\/es\/#website","url":"http:\/\/esponsorama.ad\/es\/","name":"Esponsorama","description":"Specialist in motorsport sponsorship and event promotions","potentialAction":[{"@type":"SearchAction","target":{"@type":"EntryPoint","urlTemplate":"http:\/\/esponsorama.ad\/es\/?s={search_term_string}"},"query-input":{"@type":"PropertyValueSpecification","valueRequired":true,"valueName":"search_term_string"}}],"inLanguage":"it-IT"},{"@type":"Person","@id":"http:\/\/esponsorama.ad\/es\/#\/schema\/person\/a5cde74945183d737066e46b61c6f9c4","name":"Xavi Andornet","image":{"@type":"ImageObject","inLanguage":"it-IT","@id":"http:\/\/esponsorama.ad\/es\/#\/schema\/person\/image\/","url":"https:\/\/secure.gravatar.com\/avatar\/f10eaf9ad601244a2357c9fd7cd9805ed166cfaaf76d5d9ab08a9d873e70147a?s=96&d=mm&r=g","contentUrl":"https:\/\/secure.gravatar.com\/avatar\/f10eaf9ad601244a2357c9fd7cd9805ed166cfaaf76d5d9ab08a9d873e70147a?s=96&d=mm&r=g","caption":"Xavi Andornet"},"sameAs":["http:\/\/www.andornet.ad"],"url":"http:\/\/esponsorama.ad\/it\/author\/andornet\/"}]}},"_links":{"self":[{"href":"http:\/\/esponsorama.ad\/it\/wp-json\/wp\/v2\/posts\/5809","targetHints":{"allow":["GET"]}}],"collection":[{"href":"http:\/\/esponsorama.ad\/it\/wp-json\/wp\/v2\/posts"}],"about":[{"href":"http:\/\/esponsorama.ad\/it\/wp-json\/wp\/v2\/types\/post"}],"author":[{"embeddable":true,"href":"http:\/\/esponsorama.ad\/it\/wp-json\/wp\/v2\/users\/6"}],"replies":[{"embeddable":true,"href":"http:\/\/esponsorama.ad\/it\/wp-json\/wp\/v2\/comments?post=5809"}],"version-history":[{"count":0,"href":"http:\/\/esponsorama.ad\/it\/wp-json\/wp\/v2\/posts\/5809\/revisions"}],"wp:featuredmedia":[{"embeddable":true,"href":"http:\/\/esponsorama.ad\/it\/wp-json\/wp\/v2\/media\/5780"}],"wp:attachment":[{"href":"http:\/\/esponsorama.ad\/it\/wp-json\/wp\/v2\/media?parent=5809"}],"wp:term":[{"taxonomy":"category","embeddable":true,"href":"http:\/\/esponsorama.ad\/it\/wp-json\/wp\/v2\/categories?post=5809"},{"taxonomy":"post_tag","embeddable":true,"href":"http:\/\/esponsorama.ad\/it\/wp-json\/wp\/v2\/tags?post=5809"}],"curies":[{"name":"wp","href":"https:\/\/api.w.org\/{rel}","templated":true}]}}