{"id":627,"date":"2016-08-14T11:27:08","date_gmt":"2016-08-14T09:27:08","guid":{"rendered":"http:\/\/esponsorama.ad\/?p=627"},"modified":"2016-08-18T15:14:50","modified_gmt":"2016-08-18T13:14:50","slug":"hector-barbera-y-loris-baz-renuevan-un-ano-mas-con-avintia-racing","status":"publish","type":"post","link":"http:\/\/esponsorama.ad\/ca\/hector-barbera-y-loris-baz-renuevan-un-ano-mas-con-avintia-racing\/","title":{"rendered":"L\u2019H\u00e9ctor Barber\u00e0 i en Loris Baz renoven un any m\u00e9s amb Avintia Racing"},"content":{"rendered":"<p>Avintia Racing t\u00e9 el plaer d&#8217;anunciar que l\u2019H\u00e9ctor Barber\u00e1 i en Loris Baz seguiran defensant els colors de l&#8217;equip al Campionat del M\u00f3n de MotoGP de 2017. L\u2019H\u00e9ctor Barber\u00e1 ha demostrat un gran nivell en la primera part de la temporada, arribant a l&#8217;equador del campionat com millor pilot Ducati, i set\u00e8 a la classificaci\u00f3, amb una Desmosedici GP14.2. Per l\u2019espanyol de 29 anys, ser\u00e0 la seva cinquena temporada amb Avintia Racing i gr\u00e0cies als seus bons resultats, al 2017 disposar\u00e0 d&#8217;una Ducati Desmosedici GP com les que porten aquest any els pilots de f\u00e0brica.<\/p>\n<p>En Loris Baz est\u00e0 disputant la seva primera temporada amb Avintia Racing despr\u00e9s de lluitar amb en Barber\u00e1 al 2015 pel t\u00edtol de la categoria Open i, encara que no ha obtingut bons resultats a la primera part de la temporada, el franc\u00e8s de 23 anys va mostrar un gran potencial a la pretemporada i en les primeres carreres. L&#8217;equip est\u00e0 conven\u00e7ut que pot lluitar regularment per estar al Top 10, i l&#8217;any que ve, amb una moto m\u00e9s evolucionada, tindr\u00e0 l&#8217;oportunitat de demostrar-ho.<\/p>\n<p><strong>H\u00c9CTOR BARBER\u00c0 # 8<\/strong><\/p>\n<p>&#8220;Estic molt content perqu\u00e8 crec que en els anys que portem junts hem demostrat una gran progressi\u00f3, i en tot just tres anys, hem passat d&#8217;estar vintens a estar setens al campionat, i amb aquesta moto. L&#8217;equip ha crescut molt\u00edssim, ho hem fet junts i estic content\u00edssim de renovar un any m\u00e9s, especialment perqu\u00e8 per fi tindrem una moto realment competitiva, una moto amb la qual podem somiar en fer alguna cosa gran. Tinc un equip molt competent, som com una fam\u00edlia i sempre es busca la perfecci\u00f3 en tot el que fem. Ajudant-nos tots hem crescut molt\u00edssim i ho hem fet junts. En Ra\u00fal \u00e9s un somiador, s&#8217;avan\u00e7a al futur i sense la seva passi\u00f3 per tot el que fa, l&#8217;experi\u00e8ncia que aporta a l&#8217;equip Bocha, i el suport que ens d\u00f3na sempre l\u2019Antonio tot aix\u00f2 no seria possible &#8220;.<\/p>\n<p><strong>LORIS BAZ # 76<\/strong><\/p>\n<p>&#8220;El primer \u00e9s donar les gr\u00e0cies a l&#8217;equip per voler-me un any m\u00e9s, perqu\u00e8 amb les dolent\u00edssimes carreres que hem fet aquest any, el m\u00e9s normal hauria estat no donar-me una altra oportunitat. Per\u00f2 crec que vam comen\u00e7ar b\u00e9 a la pretemporada i tamb\u00e9 a les primeres carreres, he demostrat que tan dolent no s\u00f3c. Ara cal intentar tornar a on \u00e9rem i tractar de lluitar amb l\u2019H\u00e8ctor. Tenir el futur clar per a l&#8217;any vinent em treu molta pressi\u00f3, perqu\u00e8 despr\u00e9s de la lesi\u00f3 ha estat molt complicat i per aix\u00f2 vull donar les gr\u00e0cies, a en Ra\u00fal, a en Bocha i a l\u2019Antonio, perqu\u00e8 \u00e9s un equip on em sento molt b\u00e9 i crec que tenim moltes coses que demostrar. Em vaig lesionar en el pitjor moment, per\u00f2 ells el que han fet \u00e9s tranquil\u00b7litzar-me i llevar-me la pressi\u00f3. Nom\u00e9s espero poder agrair fent el millor en les nou carreres que falten i encara millor al 2017. &#8221;<\/p>\n<p><strong>AGUST\u00cdN ESCOBAR #TEAM MANAGER<\/strong><\/p>\n<p>&#8220;Estem molt contents de seguir un any m\u00e9s amb l\u2019H\u00e9ctor i en Loris, perqu\u00e8 a m\u00e9s de bons pilots s\u00f3n dos grans persones. Tenim un equip professional, per\u00f2 que tamb\u00e9 \u00e9s una gran fam\u00edlia i per aix\u00f2 volem continuar un any m\u00e9s. L\u2019H\u00e8ctor ja est\u00e0 demostrant el potencial que t\u00e9, i en Loris crec que aquest any pot tornar a recuperar les bones sensacions de la pretemporada i que t\u00e9 molt m\u00e9s gas que el que ha demostrat fins ara. I l&#8217;any que ve amb les motos noves, segur que els dos ho faran molt millor. Tamb\u00e9 vull donar les gr\u00e0cies a Ducati per seguir recolzant-nos un any m\u00e9s i esperem poder recompensar-los amb bons resultats. &#8221;<\/p>\n<p>&nbsp;<\/p>\n<div id='gallery-1' class='gallery galleryid-627 gallery-columns-4 gallery-size-thumbnail'><figure class='gallery-item'>\n\t\t\t<div class='gallery-icon landscape'>\n\t\t\t\t<a href='http:\/\/esponsorama.ad\/wp-content\/uploads\/2016\/08\/10_AUSTRIA-6343.jpg' title=\"\" data-rl_title=\"\" class=\"rl-gallery-link\" data-rl_caption=\"\" data-rel=\"lightbox-gallery-1\"><img loading=\"lazy\" decoding=\"async\" width=\"150\" height=\"150\" src=\"http:\/\/esponsorama.ad\/wp-content\/uploads\/2016\/08\/10_AUSTRIA-6343-150x150.jpg\" class=\"attachment-thumbnail size-thumbnail\" alt=\"\" \/><\/a>\n\t\t\t<\/div><\/figure><figure class='gallery-item'>\n\t\t\t<div class='gallery-icon landscape'>\n\t\t\t\t<a href='http:\/\/esponsorama.ad\/wp-content\/uploads\/2016\/08\/10_AUSTRIA-6356.jpg' title=\"\" data-rl_title=\"\" class=\"rl-gallery-link\" data-rl_caption=\"\" data-rel=\"lightbox-gallery-1\"><img loading=\"lazy\" decoding=\"async\" width=\"150\" height=\"150\" src=\"http:\/\/esponsorama.ad\/wp-content\/uploads\/2016\/08\/10_AUSTRIA-6356-150x150.jpg\" class=\"attachment-thumbnail size-thumbnail\" alt=\"\" \/><\/a>\n\t\t\t<\/div><\/figure><figure class='gallery-item'>\n\t\t\t<div class='gallery-icon landscape'>\n\t\t\t\t<a href='http:\/\/esponsorama.ad\/wp-content\/uploads\/2016\/08\/10_AUSTRIA-6379.jpg' title=\"\" data-rl_title=\"\" class=\"rl-gallery-link\" data-rl_caption=\"\" data-rel=\"lightbox-gallery-1\"><img loading=\"lazy\" decoding=\"async\" width=\"150\" height=\"150\" src=\"http:\/\/esponsorama.ad\/wp-content\/uploads\/2016\/08\/10_AUSTRIA-6379-150x150.jpg\" class=\"attachment-thumbnail size-thumbnail\" alt=\"\" \/><\/a>\n\t\t\t<\/div><\/figure><figure class='gallery-item'>\n\t\t\t<div class='gallery-icon landscape'>\n\t\t\t\t<a href='http:\/\/esponsorama.ad\/wp-content\/uploads\/2016\/08\/10_AUSTRIA-6374.jpg' title=\"\" data-rl_title=\"\" class=\"rl-gallery-link\" data-rl_caption=\"\" data-rel=\"lightbox-gallery-1\"><img loading=\"lazy\" decoding=\"async\" width=\"150\" height=\"150\" src=\"http:\/\/esponsorama.ad\/wp-content\/uploads\/2016\/08\/10_AUSTRIA-6374-150x150.jpg\" class=\"attachment-thumbnail size-thumbnail\" alt=\"\" \/><\/a>\n\t\t\t<\/div><\/figure><figure class='gallery-item'>\n\t\t\t<div class='gallery-icon landscape'>\n\t\t\t\t<a href='http:\/\/esponsorama.ad\/wp-content\/uploads\/2016\/08\/10_AUSTRIA-6392.jpg' title=\"\" data-rl_title=\"\" class=\"rl-gallery-link\" data-rl_caption=\"\" data-rel=\"lightbox-gallery-1\"><img loading=\"lazy\" decoding=\"async\" width=\"150\" height=\"150\" src=\"http:\/\/esponsorama.ad\/wp-content\/uploads\/2016\/08\/10_AUSTRIA-6392-150x150.jpg\" class=\"attachment-thumbnail size-thumbnail\" alt=\"\" \/><\/a>\n\t\t\t<\/div><\/figure><figure class='gallery-item'>\n\t\t\t<div class='gallery-icon landscape'>\n\t\t\t\t<a href='http:\/\/esponsorama.ad\/wp-content\/uploads\/2016\/08\/10_AUSTRIA-6409.jpg' title=\"\" data-rl_title=\"\" class=\"rl-gallery-link\" data-rl_caption=\"\" data-rel=\"lightbox-gallery-1\"><img loading=\"lazy\" decoding=\"async\" width=\"150\" height=\"150\" src=\"http:\/\/esponsorama.ad\/wp-content\/uploads\/2016\/08\/10_AUSTRIA-6409-150x150.jpg\" class=\"attachment-thumbnail size-thumbnail\" alt=\"\" \/><\/a>\n\t\t\t<\/div><\/figure><figure class='gallery-item'>\n\t\t\t<div class='gallery-icon landscape'>\n\t\t\t\t<a href='http:\/\/esponsorama.ad\/wp-content\/uploads\/2016\/08\/10_AUSTRIA-6402.jpg' title=\"\" data-rl_title=\"\" class=\"rl-gallery-link\" data-rl_caption=\"\" data-rel=\"lightbox-gallery-1\"><img loading=\"lazy\" decoding=\"async\" width=\"150\" height=\"150\" src=\"http:\/\/esponsorama.ad\/wp-content\/uploads\/2016\/08\/10_AUSTRIA-6402-150x150.jpg\" class=\"attachment-thumbnail size-thumbnail\" alt=\"\" \/><\/a>\n\t\t\t<\/div><\/figure><figure class='gallery-item'>\n\t\t\t<div class='gallery-icon landscape'>\n\t\t\t\t<a href='http:\/\/esponsorama.ad\/wp-content\/uploads\/2016\/08\/10_AUSTRIA-6394.jpg' title=\"\" data-rl_title=\"\" class=\"rl-gallery-link\" data-rl_caption=\"\" data-rel=\"lightbox-gallery-1\"><img loading=\"lazy\" decoding=\"async\" width=\"150\" height=\"150\" src=\"http:\/\/esponsorama.ad\/wp-content\/uploads\/2016\/08\/10_AUSTRIA-6394-150x150.jpg\" class=\"attachment-thumbnail size-thumbnail\" alt=\"\" \/><\/a>\n\t\t\t<\/div><\/figure>\n\t\t<\/div>\n\n","protected":false},"excerpt":{"rendered":"<p>Avintia Racing t\u00e9 el plaer d&#8217;anunciar que l\u2019H\u00e9ctor Barber\u00e1 i en Loris Baz seguiran defensant els colors de l&#8217;equip al Campionat del M\u00f3n de MotoGP de 2017. L\u2019H\u00e9ctor Barber\u00e1 ha demostrat un gran nivell en la primera part de la temporada, arribant a l&#8217;equador del campionat com millor pilot Ducati, i set\u00e8 a la classificaci\u00f3, [&hellip;]<\/p>\n","protected":false},"author":6,"featured_media":628,"comment_status":"closed","ping_status":"closed","sticky":false,"template":"","format":"standard","meta":{"footnotes":""},"categories":[3],"tags":[],"class_list":["post-627","post","type-post","status-publish","format-standard","has-post-thumbnail","hentry","category-motogp"],"yoast_head":"<!-- This site is optimized with the Yoast SEO plugin v27.1.1 - https:\/\/yoast.com\/product\/yoast-seo-wordpress\/ -->\n<title>L\u2019H\u00e9ctor Barber\u00e0 i en Loris Baz renoven un any m\u00e9s amb Avintia Racing - Esponsorama<\/title>\n<meta name=\"robots\" content=\"index, follow, max-snippet:-1, max-image-preview:large, max-video-preview:-1\" \/>\n<link rel=\"canonical\" href=\"http:\/\/esponsorama.ad\/ca\/hector-barbera-y-loris-baz-renuevan-un-ano-mas-con-avintia-racing\/\" \/>\n<meta property=\"og:locale\" content=\"it_IT\" \/>\n<meta property=\"og:type\" content=\"article\" \/>\n<meta property=\"og:title\" content=\"L\u2019H\u00e9ctor Barber\u00e0 i en Loris Baz renoven un any m\u00e9s amb Avintia Racing - Esponsorama\" \/>\n<meta property=\"og:description\" content=\"Avintia Racing t\u00e9 el plaer d&#8217;anunciar que l\u2019H\u00e9ctor Barber\u00e1 i en Loris Baz seguiran defensant els colors de l&#8217;equip al Campionat del M\u00f3n de MotoGP de 2017. L\u2019H\u00e9ctor Barber\u00e1 ha demostrat un gran nivell en la primera part de la temporada, arribant a l&#8217;equador del campionat com millor pilot Ducati, i set\u00e8 a la classificaci\u00f3, [&hellip;]\" \/>\n<meta property=\"og:url\" content=\"http:\/\/esponsorama.ad\/ca\/hector-barbera-y-loris-baz-renuevan-un-ano-mas-con-avintia-racing\/\" \/>\n<meta property=\"og:site_name\" content=\"Esponsorama\" \/>\n<meta property=\"article:published_time\" content=\"2016-08-14T09:27:08+00:00\" \/>\n<meta property=\"article:modified_time\" content=\"2016-08-18T13:14:50+00:00\" \/>\n<meta property=\"og:image\" content=\"http:\/\/esponsorama.ad\/wp-content\/uploads\/2016\/08\/10_AUSTRIA-6343.jpg\" \/>\n\t<meta property=\"og:image:width\" content=\"4596\" \/>\n\t<meta property=\"og:image:height\" content=\"3064\" \/>\n\t<meta property=\"og:image:type\" content=\"image\/jpeg\" \/>\n<meta name=\"author\" content=\"Xavi Andornet\" \/>\n<meta name=\"twitter:card\" content=\"summary_large_image\" \/>\n<meta name=\"twitter:label1\" content=\"Written by\" \/>\n\t<meta name=\"twitter:data1\" content=\"Xavi Andornet\" \/>\n\t<meta name=\"twitter:label2\" content=\"Est. reading time\" \/>\n\t<meta name=\"twitter:data2\" content=\"3 minutes\" \/>\n<script type=\"application\/ld+json\" class=\"yoast-schema-graph\">{\"@context\":\"https:\/\/schema.org\",\"@graph\":[{\"@type\":\"Article\",\"@id\":\"http:\/\/esponsorama.ad\/ca\/hector-barbera-y-loris-baz-renuevan-un-ano-mas-con-avintia-racing\/#article\",\"isPartOf\":{\"@id\":\"http:\/\/esponsorama.ad\/ca\/hector-barbera-y-loris-baz-renuevan-un-ano-mas-con-avintia-racing\/\"},\"author\":{\"name\":\"Xavi Andornet\",\"@id\":\"http:\/\/esponsorama.ad\/es\/#\/schema\/person\/a5cde74945183d737066e46b61c6f9c4\"},\"headline\":\"L\u2019H\u00e9ctor Barber\u00e0 i en Loris Baz renoven un any m\u00e9s amb Avintia Racing\",\"datePublished\":\"2016-08-14T09:27:08+00:00\",\"dateModified\":\"2016-08-18T13:14:50+00:00\",\"mainEntityOfPage\":{\"@id\":\"http:\/\/esponsorama.ad\/ca\/hector-barbera-y-loris-baz-renuevan-un-ano-mas-con-avintia-racing\/\"},\"wordCount\":666,\"image\":{\"@id\":\"http:\/\/esponsorama.ad\/ca\/hector-barbera-y-loris-baz-renuevan-un-ano-mas-con-avintia-racing\/#primaryimage\"},\"thumbnailUrl\":\"http:\/\/esponsorama.ad\/wp-content\/uploads\/2016\/08\/10_AUSTRIA-6343.jpg\",\"articleSection\":[\"MotoGP\"],\"inLanguage\":\"it-IT\"},{\"@type\":\"WebPage\",\"@id\":\"http:\/\/esponsorama.ad\/ca\/hector-barbera-y-loris-baz-renuevan-un-ano-mas-con-avintia-racing\/\",\"url\":\"http:\/\/esponsorama.ad\/ca\/hector-barbera-y-loris-baz-renuevan-un-ano-mas-con-avintia-racing\/\",\"name\":\"L\u2019H\u00e9ctor Barber\u00e0 i en Loris Baz renoven un any m\u00e9s amb Avintia Racing - Esponsorama\",\"isPartOf\":{\"@id\":\"http:\/\/esponsorama.ad\/es\/#website\"},\"primaryImageOfPage\":{\"@id\":\"http:\/\/esponsorama.ad\/ca\/hector-barbera-y-loris-baz-renuevan-un-ano-mas-con-avintia-racing\/#primaryimage\"},\"image\":{\"@id\":\"http:\/\/esponsorama.ad\/ca\/hector-barbera-y-loris-baz-renuevan-un-ano-mas-con-avintia-racing\/#primaryimage\"},\"thumbnailUrl\":\"http:\/\/esponsorama.ad\/wp-content\/uploads\/2016\/08\/10_AUSTRIA-6343.jpg\",\"datePublished\":\"2016-08-14T09:27:08+00:00\",\"dateModified\":\"2016-08-18T13:14:50+00:00\",\"author\":{\"@id\":\"http:\/\/esponsorama.ad\/es\/#\/schema\/person\/a5cde74945183d737066e46b61c6f9c4\"},\"breadcrumb\":{\"@id\":\"http:\/\/esponsorama.ad\/ca\/hector-barbera-y-loris-baz-renuevan-un-ano-mas-con-avintia-racing\/#breadcrumb\"},\"inLanguage\":\"it-IT\",\"potentialAction\":[{\"@type\":\"ReadAction\",\"target\":[\"http:\/\/esponsorama.ad\/ca\/hector-barbera-y-loris-baz-renuevan-un-ano-mas-con-avintia-racing\/\"]}]},{\"@type\":\"ImageObject\",\"inLanguage\":\"it-IT\",\"@id\":\"http:\/\/esponsorama.ad\/ca\/hector-barbera-y-loris-baz-renuevan-un-ano-mas-con-avintia-racing\/#primaryimage\",\"url\":\"http:\/\/esponsorama.ad\/wp-content\/uploads\/2016\/08\/10_AUSTRIA-6343.jpg\",\"contentUrl\":\"http:\/\/esponsorama.ad\/wp-content\/uploads\/2016\/08\/10_AUSTRIA-6343.jpg\",\"width\":4596,\"height\":3064},{\"@type\":\"BreadcrumbList\",\"@id\":\"http:\/\/esponsorama.ad\/ca\/hector-barbera-y-loris-baz-renuevan-un-ano-mas-con-avintia-racing\/#breadcrumb\",\"itemListElement\":[{\"@type\":\"ListItem\",\"position\":1,\"name\":\"Home\",\"item\":\"http:\/\/esponsorama.ad\/en\/\"},{\"@type\":\"ListItem\",\"position\":2,\"name\":\"L\u2019H\u00e9ctor Barber\u00e0 i en Loris Baz renoven un any m\u00e9s amb Avintia Racing\"}]},{\"@type\":\"WebSite\",\"@id\":\"http:\/\/esponsorama.ad\/es\/#website\",\"url\":\"http:\/\/esponsorama.ad\/es\/\",\"name\":\"Esponsorama\",\"description\":\"Specialist in motorsport sponsorship and event promotions\",\"potentialAction\":[{\"@type\":\"SearchAction\",\"target\":{\"@type\":\"EntryPoint\",\"urlTemplate\":\"http:\/\/esponsorama.ad\/es\/?s={search_term_string}\"},\"query-input\":{\"@type\":\"PropertyValueSpecification\",\"valueRequired\":true,\"valueName\":\"search_term_string\"}}],\"inLanguage\":\"it-IT\"},{\"@type\":\"Person\",\"@id\":\"http:\/\/esponsorama.ad\/es\/#\/schema\/person\/a5cde74945183d737066e46b61c6f9c4\",\"name\":\"Xavi Andornet\",\"image\":{\"@type\":\"ImageObject\",\"inLanguage\":\"it-IT\",\"@id\":\"http:\/\/esponsorama.ad\/es\/#\/schema\/person\/image\/\",\"url\":\"https:\/\/secure.gravatar.com\/avatar\/f10eaf9ad601244a2357c9fd7cd9805ed166cfaaf76d5d9ab08a9d873e70147a?s=96&d=mm&r=g\",\"contentUrl\":\"https:\/\/secure.gravatar.com\/avatar\/f10eaf9ad601244a2357c9fd7cd9805ed166cfaaf76d5d9ab08a9d873e70147a?s=96&d=mm&r=g\",\"caption\":\"Xavi Andornet\"},\"sameAs\":[\"http:\/\/www.andornet.ad\"],\"url\":\"http:\/\/esponsorama.ad\/it\/author\/andornet\/\"}]}<\/script>\n<!-- \/ Yoast SEO plugin. -->","yoast_head_json":{"title":"L\u2019H\u00e9ctor Barber\u00e0 i en Loris Baz renoven un any m\u00e9s amb Avintia Racing - Esponsorama","robots":{"index":"index","follow":"follow","max-snippet":"max-snippet:-1","max-image-preview":"max-image-preview:large","max-video-preview":"max-video-preview:-1"},"canonical":"http:\/\/esponsorama.ad\/ca\/hector-barbera-y-loris-baz-renuevan-un-ano-mas-con-avintia-racing\/","og_locale":"it_IT","og_type":"article","og_title":"L\u2019H\u00e9ctor Barber\u00e0 i en Loris Baz renoven un any m\u00e9s amb Avintia Racing - Esponsorama","og_description":"Avintia Racing t\u00e9 el plaer d&#8217;anunciar que l\u2019H\u00e9ctor Barber\u00e1 i en Loris Baz seguiran defensant els colors de l&#8217;equip al Campionat del M\u00f3n de MotoGP de 2017. L\u2019H\u00e9ctor Barber\u00e1 ha demostrat un gran nivell en la primera part de la temporada, arribant a l&#8217;equador del campionat com millor pilot Ducati, i set\u00e8 a la classificaci\u00f3, [&hellip;]","og_url":"http:\/\/esponsorama.ad\/ca\/hector-barbera-y-loris-baz-renuevan-un-ano-mas-con-avintia-racing\/","og_site_name":"Esponsorama","article_published_time":"2016-08-14T09:27:08+00:00","article_modified_time":"2016-08-18T13:14:50+00:00","og_image":[{"width":4596,"height":3064,"url":"http:\/\/esponsorama.ad\/wp-content\/uploads\/2016\/08\/10_AUSTRIA-6343.jpg","type":"image\/jpeg"}],"author":"Xavi Andornet","twitter_card":"summary_large_image","twitter_misc":{"Written by":"Xavi Andornet","Est. reading time":"3 minutes"},"schema":{"@context":"https:\/\/schema.org","@graph":[{"@type":"Article","@id":"http:\/\/esponsorama.ad\/ca\/hector-barbera-y-loris-baz-renuevan-un-ano-mas-con-avintia-racing\/#article","isPartOf":{"@id":"http:\/\/esponsorama.ad\/ca\/hector-barbera-y-loris-baz-renuevan-un-ano-mas-con-avintia-racing\/"},"author":{"name":"Xavi Andornet","@id":"http:\/\/esponsorama.ad\/es\/#\/schema\/person\/a5cde74945183d737066e46b61c6f9c4"},"headline":"L\u2019H\u00e9ctor Barber\u00e0 i en Loris Baz renoven un any m\u00e9s amb Avintia Racing","datePublished":"2016-08-14T09:27:08+00:00","dateModified":"2016-08-18T13:14:50+00:00","mainEntityOfPage":{"@id":"http:\/\/esponsorama.ad\/ca\/hector-barbera-y-loris-baz-renuevan-un-ano-mas-con-avintia-racing\/"},"wordCount":666,"image":{"@id":"http:\/\/esponsorama.ad\/ca\/hector-barbera-y-loris-baz-renuevan-un-ano-mas-con-avintia-racing\/#primaryimage"},"thumbnailUrl":"http:\/\/esponsorama.ad\/wp-content\/uploads\/2016\/08\/10_AUSTRIA-6343.jpg","articleSection":["MotoGP"],"inLanguage":"it-IT"},{"@type":"WebPage","@id":"http:\/\/esponsorama.ad\/ca\/hector-barbera-y-loris-baz-renuevan-un-ano-mas-con-avintia-racing\/","url":"http:\/\/esponsorama.ad\/ca\/hector-barbera-y-loris-baz-renuevan-un-ano-mas-con-avintia-racing\/","name":"L\u2019H\u00e9ctor Barber\u00e0 i en Loris Baz renoven un any m\u00e9s amb Avintia Racing - Esponsorama","isPartOf":{"@id":"http:\/\/esponsorama.ad\/es\/#website"},"primaryImageOfPage":{"@id":"http:\/\/esponsorama.ad\/ca\/hector-barbera-y-loris-baz-renuevan-un-ano-mas-con-avintia-racing\/#primaryimage"},"image":{"@id":"http:\/\/esponsorama.ad\/ca\/hector-barbera-y-loris-baz-renuevan-un-ano-mas-con-avintia-racing\/#primaryimage"},"thumbnailUrl":"http:\/\/esponsorama.ad\/wp-content\/uploads\/2016\/08\/10_AUSTRIA-6343.jpg","datePublished":"2016-08-14T09:27:08+00:00","dateModified":"2016-08-18T13:14:50+00:00","author":{"@id":"http:\/\/esponsorama.ad\/es\/#\/schema\/person\/a5cde74945183d737066e46b61c6f9c4"},"breadcrumb":{"@id":"http:\/\/esponsorama.ad\/ca\/hector-barbera-y-loris-baz-renuevan-un-ano-mas-con-avintia-racing\/#breadcrumb"},"inLanguage":"it-IT","potentialAction":[{"@type":"ReadAction","target":["http:\/\/esponsorama.ad\/ca\/hector-barbera-y-loris-baz-renuevan-un-ano-mas-con-avintia-racing\/"]}]},{"@type":"ImageObject","inLanguage":"it-IT","@id":"http:\/\/esponsorama.ad\/ca\/hector-barbera-y-loris-baz-renuevan-un-ano-mas-con-avintia-racing\/#primaryimage","url":"http:\/\/esponsorama.ad\/wp-content\/uploads\/2016\/08\/10_AUSTRIA-6343.jpg","contentUrl":"http:\/\/esponsorama.ad\/wp-content\/uploads\/2016\/08\/10_AUSTRIA-6343.jpg","width":4596,"height":3064},{"@type":"BreadcrumbList","@id":"http:\/\/esponsorama.ad\/ca\/hector-barbera-y-loris-baz-renuevan-un-ano-mas-con-avintia-racing\/#breadcrumb","itemListElement":[{"@type":"ListItem","position":1,"name":"Home","item":"http:\/\/esponsorama.ad\/en\/"},{"@type":"ListItem","position":2,"name":"L\u2019H\u00e9ctor Barber\u00e0 i en Loris Baz renoven un any m\u00e9s amb Avintia Racing"}]},{"@type":"WebSite","@id":"http:\/\/esponsorama.ad\/es\/#website","url":"http:\/\/esponsorama.ad\/es\/","name":"Esponsorama","description":"Specialist in motorsport sponsorship and event promotions","potentialAction":[{"@type":"SearchAction","target":{"@type":"EntryPoint","urlTemplate":"http:\/\/esponsorama.ad\/es\/?s={search_term_string}"},"query-input":{"@type":"PropertyValueSpecification","valueRequired":true,"valueName":"search_term_string"}}],"inLanguage":"it-IT"},{"@type":"Person","@id":"http:\/\/esponsorama.ad\/es\/#\/schema\/person\/a5cde74945183d737066e46b61c6f9c4","name":"Xavi Andornet","image":{"@type":"ImageObject","inLanguage":"it-IT","@id":"http:\/\/esponsorama.ad\/es\/#\/schema\/person\/image\/","url":"https:\/\/secure.gravatar.com\/avatar\/f10eaf9ad601244a2357c9fd7cd9805ed166cfaaf76d5d9ab08a9d873e70147a?s=96&d=mm&r=g","contentUrl":"https:\/\/secure.gravatar.com\/avatar\/f10eaf9ad601244a2357c9fd7cd9805ed166cfaaf76d5d9ab08a9d873e70147a?s=96&d=mm&r=g","caption":"Xavi Andornet"},"sameAs":["http:\/\/www.andornet.ad"],"url":"http:\/\/esponsorama.ad\/it\/author\/andornet\/"}]}},"_links":{"self":[{"href":"http:\/\/esponsorama.ad\/it\/wp-json\/wp\/v2\/posts\/627","targetHints":{"allow":["GET"]}}],"collection":[{"href":"http:\/\/esponsorama.ad\/it\/wp-json\/wp\/v2\/posts"}],"about":[{"href":"http:\/\/esponsorama.ad\/it\/wp-json\/wp\/v2\/types\/post"}],"author":[{"embeddable":true,"href":"http:\/\/esponsorama.ad\/it\/wp-json\/wp\/v2\/users\/6"}],"replies":[{"embeddable":true,"href":"http:\/\/esponsorama.ad\/it\/wp-json\/wp\/v2\/comments?post=627"}],"version-history":[{"count":0,"href":"http:\/\/esponsorama.ad\/it\/wp-json\/wp\/v2\/posts\/627\/revisions"}],"wp:featuredmedia":[{"embeddable":true,"href":"http:\/\/esponsorama.ad\/it\/wp-json\/wp\/v2\/media\/628"}],"wp:attachment":[{"href":"http:\/\/esponsorama.ad\/it\/wp-json\/wp\/v2\/media?parent=627"}],"wp:term":[{"taxonomy":"category","embeddable":true,"href":"http:\/\/esponsorama.ad\/it\/wp-json\/wp\/v2\/categories?post=627"},{"taxonomy":"post_tag","embeddable":true,"href":"http:\/\/esponsorama.ad\/it\/wp-json\/wp\/v2\/tags?post=627"}],"curies":[{"name":"wp","href":"https:\/\/api.w.org\/{rel}","templated":true}]}}