{"id":651,"date":"2016-08-14T17:18:45","date_gmt":"2016-08-14T15:18:45","guid":{"rendered":"http:\/\/esponsorama.ad\/?p=651"},"modified":"2016-08-18T15:12:45","modified_gmt":"2016-08-18T13:12:45","slug":"baz-suma-tres-puntos-bandera-negra-para-barbera","status":"publish","type":"post","link":"http:\/\/esponsorama.ad\/ca\/baz-suma-tres-puntos-bandera-negra-para-barbera\/","title":{"rendered":"En Baz suma tres punts, bandera negra per en Barber\u00e0"},"content":{"rendered":"<p>El Gran Premi d&#8217;\u00c0ustria ha deixat un sabor agredol\u00e7 a l\u2019Avintia Racing. L\u2019H\u00e9ctor Barber\u00e1 sortia des de la quarta l\u00ednia despr\u00e9s d&#8217;aconseguir el des\u00e8 millor temps en els cronometrats, i al primer revolt ha aconseguit guanyar quatre posicions per col\u00b7locar-se sis\u00e8. Per\u00f2 l&#8217;alegria a durat poc, i despr\u00e9s de comprovar que s&#8217;havia mogut uns cent\u00edmetres a la sortida, Direcci\u00f3 de Cursa l\u2019ha sancionat amb un &#8220;Ride Through&#8221;. Barber\u00e1 no ha vist les indicacions de la pissarra per complir la penalitzaci\u00f3, i al no funcionar la pantalla de la seva moto pel qual el Responsable de Seguretat comunica les sancions amb diferents colors, ha seguit dins la pista i, al final ha estat desqualificat amb bandera negra .<\/p>\n<p>La decepci\u00f3 deen Barber\u00e0 ha contrastat amb l&#8217;alegria de en Loris Baz qui, despr\u00e9s d&#8217;un per\u00edode molt complicat a causa de la seva lesi\u00f3 al peu dret i els mals resultats, avui ha sumat tres punts. Baz ha fet una bona remuntada des de l&#8217;\u00faltima posici\u00f3 de la graella i ha recuperat bastant el feeling amb la moto. A l&#8217;\u00faltima volta ha superat a Tito Rabat despr\u00e9s de lluitar amb l&#8217;espanyol durant bona part de la cursa.<\/p>\n<p>La propera setmana el Campionat del M\u00f3n de MotoGP viatja a la Rep\u00fablica Txeca, on en Barber\u00e0 tindr\u00e0 oportunitat de refer-se del seu error, i en Baz podr\u00e0 seguir guanyant confian\u00e7a.<\/p>\n<p><strong>LORIS BAZ # 76 \/ P13<\/strong><\/p>\n<p>&#8220;Ahir vam veure que a poc a poc anava recuperant les sensacions i la confian\u00e7a, i aquest mat\u00ed hem provat alguna cosa al warm up que ha anat molt b\u00e9. En carrera he treballat molt a mantenir la concentraci\u00f3 i apretar fort. Ha anat for\u00e7a b\u00e9, per\u00f2 en les deu primeres voltes es bloquejava la roda davantera quan frenava amb la moto recta i he hagut de baixar una mica el ritme. Per\u00f2 despr\u00e9s he pogut tirar una altra vegada, la goma davantera anava millor, i he intentat recuperar metres amb en Tito. I encara que ten\u00edem un ritme molt semblant, he com\u00e8s menys errors que ell en les \u00faltimes voltes i li l\u2019he pogut superar. Encara estem lluny d&#8217;on volem estar, per\u00f2 \u00e9s un bon comen\u00e7ament. F\u00edsicament no estic al 100%, per\u00f2 aviat ho estar\u00e9. El m\u00e9s important \u00e9s que hem trobat el cam\u00ed. Ara cal anar pujant a les pr\u00f2ximes carreres i tractar de lluitar amb l\u2019H\u00e9ctor per estar entre els deu primers &#8220;.<\/p>\n<p><strong>H\u00c9CTOR BARBER\u00c1 # 8 \/ Desqualificat<\/strong><\/p>\n<p>&#8220;Una ll\u00e0stima perqu\u00e8 de veritat que no he vist el &#8216;ride through&#8217;, perqu\u00e8 sin\u00f3 m&#8217;hauria aturat. Es veu que hi ha hagut un error amb la pantalla i no s&#8217;ha enc\u00e8s la llum blanca; jo estava buscant aquesta informaci\u00f3, per\u00f2 mai m&#8217;ha arribat. Tampoc he vist la pissarra fins al final i quan he parat, ja era massa tard. Estic molt decebut perqu\u00e8 estava fent la millor carrera de l&#8217;any, per\u00f2 no podem fer res m\u00e9s que pensar en la propera. He sortit molt al l\u00edmit, no m&#8217;he avan\u00e7at al sem\u00e0for, per\u00f2 potser s\u00ed que he deixat anar una mica l&#8217;embragatge, sens dubte ha hagut de ser molt just. Per\u00f2 si Direcci\u00f3 de Carrera ho ha vist, segur que m&#8217;haur\u00e9 mogut. Demano disculpes a l&#8217;equip perqu\u00e8 hav\u00edem fet un gran treball durant tot el cap de setmana i avui pod\u00edem haver-ho fet molt b\u00e9 &#8220;.<\/p>\n<p>&nbsp;<\/p>\n<div id='gallery-1' class='gallery galleryid-651 gallery-columns-5 gallery-size-thumbnail'><figure class='gallery-item'>\n\t\t\t<div class='gallery-icon landscape'>\n\t\t\t\t<a href='http:\/\/esponsorama.ad\/wp-content\/uploads\/2016\/08\/10_AUSTRIA-8903.jpg' title=\"\" data-rl_title=\"\" class=\"rl-gallery-link\" data-rl_caption=\"\" data-rel=\"lightbox-gallery-1\"><img loading=\"lazy\" decoding=\"async\" width=\"150\" height=\"150\" src=\"http:\/\/esponsorama.ad\/wp-content\/uploads\/2016\/08\/10_AUSTRIA-8903-150x150.jpg\" class=\"attachment-thumbnail size-thumbnail\" alt=\"\" \/><\/a>\n\t\t\t<\/div><\/figure><figure class='gallery-item'>\n\t\t\t<div class='gallery-icon landscape'>\n\t\t\t\t<a href='http:\/\/esponsorama.ad\/wp-content\/uploads\/2016\/08\/10_AUSTRIA-9110.jpg' title=\"\" data-rl_title=\"\" class=\"rl-gallery-link\" data-rl_caption=\"\" data-rel=\"lightbox-gallery-1\"><img loading=\"lazy\" decoding=\"async\" width=\"150\" height=\"150\" src=\"http:\/\/esponsorama.ad\/wp-content\/uploads\/2016\/08\/10_AUSTRIA-9110-150x150.jpg\" class=\"attachment-thumbnail size-thumbnail\" alt=\"\" \/><\/a>\n\t\t\t<\/div><\/figure><figure class='gallery-item'>\n\t\t\t<div class='gallery-icon landscape'>\n\t\t\t\t<a href='http:\/\/esponsorama.ad\/wp-content\/uploads\/2016\/08\/10_AUSTRIA-9463.jpg' title=\"\" data-rl_title=\"\" class=\"rl-gallery-link\" data-rl_caption=\"\" data-rel=\"lightbox-gallery-1\"><img loading=\"lazy\" decoding=\"async\" width=\"150\" height=\"150\" src=\"http:\/\/esponsorama.ad\/wp-content\/uploads\/2016\/08\/10_AUSTRIA-9463-150x150.jpg\" class=\"attachment-thumbnail size-thumbnail\" alt=\"\" \/><\/a>\n\t\t\t<\/div><\/figure><figure class='gallery-item'>\n\t\t\t<div class='gallery-icon landscape'>\n\t\t\t\t<a href='http:\/\/esponsorama.ad\/wp-content\/uploads\/2016\/08\/10_AUSTRIA-8710.jpg' title=\"\" data-rl_title=\"\" class=\"rl-gallery-link\" data-rl_caption=\"\" data-rel=\"lightbox-gallery-1\"><img loading=\"lazy\" decoding=\"async\" width=\"150\" height=\"150\" src=\"http:\/\/esponsorama.ad\/wp-content\/uploads\/2016\/08\/10_AUSTRIA-8710-150x150.jpg\" class=\"attachment-thumbnail size-thumbnail\" alt=\"\" \/><\/a>\n\t\t\t<\/div><\/figure><figure class='gallery-item'>\n\t\t\t<div class='gallery-icon landscape'>\n\t\t\t\t<a href='http:\/\/esponsorama.ad\/wp-content\/uploads\/2016\/08\/10_AUSTRIA-8800.jpg' title=\"\" data-rl_title=\"\" class=\"rl-gallery-link\" data-rl_caption=\"\" data-rel=\"lightbox-gallery-1\"><img loading=\"lazy\" decoding=\"async\" width=\"150\" height=\"150\" src=\"http:\/\/esponsorama.ad\/wp-content\/uploads\/2016\/08\/10_AUSTRIA-8800-150x150.jpg\" class=\"attachment-thumbnail size-thumbnail\" alt=\"\" \/><\/a>\n\t\t\t<\/div><\/figure>\n\t\t<\/div>\n\n","protected":false},"excerpt":{"rendered":"<p>El Gran Premi d&#8217;\u00c0ustria ha deixat un sabor agredol\u00e7 a l\u2019Avintia Racing. L\u2019H\u00e9ctor Barber\u00e1 sortia des de la quarta l\u00ednia despr\u00e9s d&#8217;aconseguir el des\u00e8 millor temps en els cronometrats, i al primer revolt ha aconseguit guanyar quatre posicions per col\u00b7locar-se sis\u00e8. Per\u00f2 l&#8217;alegria a durat poc, i despr\u00e9s de comprovar que s&#8217;havia mogut uns cent\u00edmetres [&hellip;]<\/p>\n","protected":false},"author":6,"featured_media":652,"comment_status":"closed","ping_status":"closed","sticky":false,"template":"","format":"standard","meta":{"footnotes":""},"categories":[3],"tags":[],"class_list":["post-651","post","type-post","status-publish","format-standard","has-post-thumbnail","hentry","category-motogp"],"yoast_head":"<!-- This site is optimized with the Yoast SEO plugin v27.1.1 - https:\/\/yoast.com\/product\/yoast-seo-wordpress\/ -->\n<title>En Baz suma tres punts, bandera negra per en Barber\u00e0 - Esponsorama<\/title>\n<meta name=\"robots\" content=\"index, follow, max-snippet:-1, max-image-preview:large, max-video-preview:-1\" \/>\n<link rel=\"canonical\" href=\"http:\/\/esponsorama.ad\/ca\/baz-suma-tres-puntos-bandera-negra-para-barbera\/\" \/>\n<meta property=\"og:locale\" content=\"it_IT\" \/>\n<meta property=\"og:type\" content=\"article\" \/>\n<meta property=\"og:title\" content=\"En Baz suma tres punts, bandera negra per en Barber\u00e0 - Esponsorama\" \/>\n<meta property=\"og:description\" content=\"El Gran Premi d&#8217;\u00c0ustria ha deixat un sabor agredol\u00e7 a l\u2019Avintia Racing. L\u2019H\u00e9ctor Barber\u00e1 sortia des de la quarta l\u00ednia despr\u00e9s d&#8217;aconseguir el des\u00e8 millor temps en els cronometrats, i al primer revolt ha aconseguit guanyar quatre posicions per col\u00b7locar-se sis\u00e8. Per\u00f2 l&#8217;alegria a durat poc, i despr\u00e9s de comprovar que s&#8217;havia mogut uns cent\u00edmetres [&hellip;]\" \/>\n<meta property=\"og:url\" content=\"http:\/\/esponsorama.ad\/ca\/baz-suma-tres-puntos-bandera-negra-para-barbera\/\" \/>\n<meta property=\"og:site_name\" content=\"Esponsorama\" \/>\n<meta property=\"article:published_time\" content=\"2016-08-14T15:18:45+00:00\" \/>\n<meta property=\"article:modified_time\" content=\"2016-08-18T13:12:45+00:00\" \/>\n<meta property=\"og:image\" content=\"http:\/\/esponsorama.ad\/wp-content\/uploads\/2016\/08\/10_AUSTRIA-8752.jpg\" \/>\n\t<meta property=\"og:image:width\" content=\"4422\" \/>\n\t<meta property=\"og:image:height\" content=\"2948\" \/>\n\t<meta property=\"og:image:type\" content=\"image\/jpeg\" \/>\n<meta name=\"author\" content=\"Xavi Andornet\" \/>\n<meta name=\"twitter:card\" content=\"summary_large_image\" \/>\n<meta name=\"twitter:label1\" content=\"Written by\" \/>\n\t<meta name=\"twitter:data1\" content=\"Xavi Andornet\" \/>\n\t<meta name=\"twitter:label2\" content=\"Est. reading time\" \/>\n\t<meta name=\"twitter:data2\" content=\"3 minutes\" \/>\n<script type=\"application\/ld+json\" class=\"yoast-schema-graph\">{\"@context\":\"https:\/\/schema.org\",\"@graph\":[{\"@type\":\"Article\",\"@id\":\"http:\/\/esponsorama.ad\/ca\/baz-suma-tres-puntos-bandera-negra-para-barbera\/#article\",\"isPartOf\":{\"@id\":\"http:\/\/esponsorama.ad\/ca\/baz-suma-tres-puntos-bandera-negra-para-barbera\/\"},\"author\":{\"name\":\"Xavi Andornet\",\"@id\":\"http:\/\/esponsorama.ad\/es\/#\/schema\/person\/a5cde74945183d737066e46b61c6f9c4\"},\"headline\":\"En Baz suma tres punts, bandera negra per en Barber\u00e0\",\"datePublished\":\"2016-08-14T15:18:45+00:00\",\"dateModified\":\"2016-08-18T13:12:45+00:00\",\"mainEntityOfPage\":{\"@id\":\"http:\/\/esponsorama.ad\/ca\/baz-suma-tres-puntos-bandera-negra-para-barbera\/\"},\"wordCount\":591,\"image\":{\"@id\":\"http:\/\/esponsorama.ad\/ca\/baz-suma-tres-puntos-bandera-negra-para-barbera\/#primaryimage\"},\"thumbnailUrl\":\"http:\/\/esponsorama.ad\/wp-content\/uploads\/2016\/08\/10_AUSTRIA-8752.jpg\",\"articleSection\":[\"MotoGP\"],\"inLanguage\":\"it-IT\"},{\"@type\":\"WebPage\",\"@id\":\"http:\/\/esponsorama.ad\/ca\/baz-suma-tres-puntos-bandera-negra-para-barbera\/\",\"url\":\"http:\/\/esponsorama.ad\/ca\/baz-suma-tres-puntos-bandera-negra-para-barbera\/\",\"name\":\"En Baz suma tres punts, bandera negra per en Barber\u00e0 - Esponsorama\",\"isPartOf\":{\"@id\":\"http:\/\/esponsorama.ad\/es\/#website\"},\"primaryImageOfPage\":{\"@id\":\"http:\/\/esponsorama.ad\/ca\/baz-suma-tres-puntos-bandera-negra-para-barbera\/#primaryimage\"},\"image\":{\"@id\":\"http:\/\/esponsorama.ad\/ca\/baz-suma-tres-puntos-bandera-negra-para-barbera\/#primaryimage\"},\"thumbnailUrl\":\"http:\/\/esponsorama.ad\/wp-content\/uploads\/2016\/08\/10_AUSTRIA-8752.jpg\",\"datePublished\":\"2016-08-14T15:18:45+00:00\",\"dateModified\":\"2016-08-18T13:12:45+00:00\",\"author\":{\"@id\":\"http:\/\/esponsorama.ad\/es\/#\/schema\/person\/a5cde74945183d737066e46b61c6f9c4\"},\"breadcrumb\":{\"@id\":\"http:\/\/esponsorama.ad\/ca\/baz-suma-tres-puntos-bandera-negra-para-barbera\/#breadcrumb\"},\"inLanguage\":\"it-IT\",\"potentialAction\":[{\"@type\":\"ReadAction\",\"target\":[\"http:\/\/esponsorama.ad\/ca\/baz-suma-tres-puntos-bandera-negra-para-barbera\/\"]}]},{\"@type\":\"ImageObject\",\"inLanguage\":\"it-IT\",\"@id\":\"http:\/\/esponsorama.ad\/ca\/baz-suma-tres-puntos-bandera-negra-para-barbera\/#primaryimage\",\"url\":\"http:\/\/esponsorama.ad\/wp-content\/uploads\/2016\/08\/10_AUSTRIA-8752.jpg\",\"contentUrl\":\"http:\/\/esponsorama.ad\/wp-content\/uploads\/2016\/08\/10_AUSTRIA-8752.jpg\",\"width\":4422,\"height\":2948},{\"@type\":\"BreadcrumbList\",\"@id\":\"http:\/\/esponsorama.ad\/ca\/baz-suma-tres-puntos-bandera-negra-para-barbera\/#breadcrumb\",\"itemListElement\":[{\"@type\":\"ListItem\",\"position\":1,\"name\":\"Home\",\"item\":\"http:\/\/esponsorama.ad\/ca\/\"},{\"@type\":\"ListItem\",\"position\":2,\"name\":\"En Baz suma tres punts, bandera negra per en Barber\u00e0\"}]},{\"@type\":\"WebSite\",\"@id\":\"http:\/\/esponsorama.ad\/es\/#website\",\"url\":\"http:\/\/esponsorama.ad\/es\/\",\"name\":\"Esponsorama\",\"description\":\"Specialist in motorsport sponsorship and event promotions\",\"potentialAction\":[{\"@type\":\"SearchAction\",\"target\":{\"@type\":\"EntryPoint\",\"urlTemplate\":\"http:\/\/esponsorama.ad\/es\/?s={search_term_string}\"},\"query-input\":{\"@type\":\"PropertyValueSpecification\",\"valueRequired\":true,\"valueName\":\"search_term_string\"}}],\"inLanguage\":\"it-IT\"},{\"@type\":\"Person\",\"@id\":\"http:\/\/esponsorama.ad\/es\/#\/schema\/person\/a5cde74945183d737066e46b61c6f9c4\",\"name\":\"Xavi Andornet\",\"image\":{\"@type\":\"ImageObject\",\"inLanguage\":\"it-IT\",\"@id\":\"http:\/\/esponsorama.ad\/es\/#\/schema\/person\/image\/\",\"url\":\"https:\/\/secure.gravatar.com\/avatar\/f10eaf9ad601244a2357c9fd7cd9805ed166cfaaf76d5d9ab08a9d873e70147a?s=96&d=mm&r=g\",\"contentUrl\":\"https:\/\/secure.gravatar.com\/avatar\/f10eaf9ad601244a2357c9fd7cd9805ed166cfaaf76d5d9ab08a9d873e70147a?s=96&d=mm&r=g\",\"caption\":\"Xavi Andornet\"},\"sameAs\":[\"http:\/\/www.andornet.ad\"],\"url\":\"http:\/\/esponsorama.ad\/it\/author\/andornet\/\"}]}<\/script>\n<!-- \/ Yoast SEO plugin. -->","yoast_head_json":{"title":"En Baz suma tres punts, bandera negra per en Barber\u00e0 - Esponsorama","robots":{"index":"index","follow":"follow","max-snippet":"max-snippet:-1","max-image-preview":"max-image-preview:large","max-video-preview":"max-video-preview:-1"},"canonical":"http:\/\/esponsorama.ad\/ca\/baz-suma-tres-puntos-bandera-negra-para-barbera\/","og_locale":"it_IT","og_type":"article","og_title":"En Baz suma tres punts, bandera negra per en Barber\u00e0 - Esponsorama","og_description":"El Gran Premi d&#8217;\u00c0ustria ha deixat un sabor agredol\u00e7 a l\u2019Avintia Racing. L\u2019H\u00e9ctor Barber\u00e1 sortia des de la quarta l\u00ednia despr\u00e9s d&#8217;aconseguir el des\u00e8 millor temps en els cronometrats, i al primer revolt ha aconseguit guanyar quatre posicions per col\u00b7locar-se sis\u00e8. Per\u00f2 l&#8217;alegria a durat poc, i despr\u00e9s de comprovar que s&#8217;havia mogut uns cent\u00edmetres [&hellip;]","og_url":"http:\/\/esponsorama.ad\/ca\/baz-suma-tres-puntos-bandera-negra-para-barbera\/","og_site_name":"Esponsorama","article_published_time":"2016-08-14T15:18:45+00:00","article_modified_time":"2016-08-18T13:12:45+00:00","og_image":[{"width":4422,"height":2948,"url":"http:\/\/esponsorama.ad\/wp-content\/uploads\/2016\/08\/10_AUSTRIA-8752.jpg","type":"image\/jpeg"}],"author":"Xavi Andornet","twitter_card":"summary_large_image","twitter_misc":{"Written by":"Xavi Andornet","Est. reading time":"3 minutes"},"schema":{"@context":"https:\/\/schema.org","@graph":[{"@type":"Article","@id":"http:\/\/esponsorama.ad\/ca\/baz-suma-tres-puntos-bandera-negra-para-barbera\/#article","isPartOf":{"@id":"http:\/\/esponsorama.ad\/ca\/baz-suma-tres-puntos-bandera-negra-para-barbera\/"},"author":{"name":"Xavi Andornet","@id":"http:\/\/esponsorama.ad\/es\/#\/schema\/person\/a5cde74945183d737066e46b61c6f9c4"},"headline":"En Baz suma tres punts, bandera negra per en Barber\u00e0","datePublished":"2016-08-14T15:18:45+00:00","dateModified":"2016-08-18T13:12:45+00:00","mainEntityOfPage":{"@id":"http:\/\/esponsorama.ad\/ca\/baz-suma-tres-puntos-bandera-negra-para-barbera\/"},"wordCount":591,"image":{"@id":"http:\/\/esponsorama.ad\/ca\/baz-suma-tres-puntos-bandera-negra-para-barbera\/#primaryimage"},"thumbnailUrl":"http:\/\/esponsorama.ad\/wp-content\/uploads\/2016\/08\/10_AUSTRIA-8752.jpg","articleSection":["MotoGP"],"inLanguage":"it-IT"},{"@type":"WebPage","@id":"http:\/\/esponsorama.ad\/ca\/baz-suma-tres-puntos-bandera-negra-para-barbera\/","url":"http:\/\/esponsorama.ad\/ca\/baz-suma-tres-puntos-bandera-negra-para-barbera\/","name":"En Baz suma tres punts, bandera negra per en Barber\u00e0 - Esponsorama","isPartOf":{"@id":"http:\/\/esponsorama.ad\/es\/#website"},"primaryImageOfPage":{"@id":"http:\/\/esponsorama.ad\/ca\/baz-suma-tres-puntos-bandera-negra-para-barbera\/#primaryimage"},"image":{"@id":"http:\/\/esponsorama.ad\/ca\/baz-suma-tres-puntos-bandera-negra-para-barbera\/#primaryimage"},"thumbnailUrl":"http:\/\/esponsorama.ad\/wp-content\/uploads\/2016\/08\/10_AUSTRIA-8752.jpg","datePublished":"2016-08-14T15:18:45+00:00","dateModified":"2016-08-18T13:12:45+00:00","author":{"@id":"http:\/\/esponsorama.ad\/es\/#\/schema\/person\/a5cde74945183d737066e46b61c6f9c4"},"breadcrumb":{"@id":"http:\/\/esponsorama.ad\/ca\/baz-suma-tres-puntos-bandera-negra-para-barbera\/#breadcrumb"},"inLanguage":"it-IT","potentialAction":[{"@type":"ReadAction","target":["http:\/\/esponsorama.ad\/ca\/baz-suma-tres-puntos-bandera-negra-para-barbera\/"]}]},{"@type":"ImageObject","inLanguage":"it-IT","@id":"http:\/\/esponsorama.ad\/ca\/baz-suma-tres-puntos-bandera-negra-para-barbera\/#primaryimage","url":"http:\/\/esponsorama.ad\/wp-content\/uploads\/2016\/08\/10_AUSTRIA-8752.jpg","contentUrl":"http:\/\/esponsorama.ad\/wp-content\/uploads\/2016\/08\/10_AUSTRIA-8752.jpg","width":4422,"height":2948},{"@type":"BreadcrumbList","@id":"http:\/\/esponsorama.ad\/ca\/baz-suma-tres-puntos-bandera-negra-para-barbera\/#breadcrumb","itemListElement":[{"@type":"ListItem","position":1,"name":"Home","item":"http:\/\/esponsorama.ad\/ca\/"},{"@type":"ListItem","position":2,"name":"En Baz suma tres punts, bandera negra per en Barber\u00e0"}]},{"@type":"WebSite","@id":"http:\/\/esponsorama.ad\/es\/#website","url":"http:\/\/esponsorama.ad\/es\/","name":"Esponsorama","description":"Specialist in motorsport sponsorship and event promotions","potentialAction":[{"@type":"SearchAction","target":{"@type":"EntryPoint","urlTemplate":"http:\/\/esponsorama.ad\/es\/?s={search_term_string}"},"query-input":{"@type":"PropertyValueSpecification","valueRequired":true,"valueName":"search_term_string"}}],"inLanguage":"it-IT"},{"@type":"Person","@id":"http:\/\/esponsorama.ad\/es\/#\/schema\/person\/a5cde74945183d737066e46b61c6f9c4","name":"Xavi Andornet","image":{"@type":"ImageObject","inLanguage":"it-IT","@id":"http:\/\/esponsorama.ad\/es\/#\/schema\/person\/image\/","url":"https:\/\/secure.gravatar.com\/avatar\/f10eaf9ad601244a2357c9fd7cd9805ed166cfaaf76d5d9ab08a9d873e70147a?s=96&d=mm&r=g","contentUrl":"https:\/\/secure.gravatar.com\/avatar\/f10eaf9ad601244a2357c9fd7cd9805ed166cfaaf76d5d9ab08a9d873e70147a?s=96&d=mm&r=g","caption":"Xavi Andornet"},"sameAs":["http:\/\/www.andornet.ad"],"url":"http:\/\/esponsorama.ad\/it\/author\/andornet\/"}]}},"_links":{"self":[{"href":"http:\/\/esponsorama.ad\/it\/wp-json\/wp\/v2\/posts\/651","targetHints":{"allow":["GET"]}}],"collection":[{"href":"http:\/\/esponsorama.ad\/it\/wp-json\/wp\/v2\/posts"}],"about":[{"href":"http:\/\/esponsorama.ad\/it\/wp-json\/wp\/v2\/types\/post"}],"author":[{"embeddable":true,"href":"http:\/\/esponsorama.ad\/it\/wp-json\/wp\/v2\/users\/6"}],"replies":[{"embeddable":true,"href":"http:\/\/esponsorama.ad\/it\/wp-json\/wp\/v2\/comments?post=651"}],"version-history":[{"count":0,"href":"http:\/\/esponsorama.ad\/it\/wp-json\/wp\/v2\/posts\/651\/revisions"}],"wp:featuredmedia":[{"embeddable":true,"href":"http:\/\/esponsorama.ad\/it\/wp-json\/wp\/v2\/media\/652"}],"wp:attachment":[{"href":"http:\/\/esponsorama.ad\/it\/wp-json\/wp\/v2\/media?parent=651"}],"wp:term":[{"taxonomy":"category","embeddable":true,"href":"http:\/\/esponsorama.ad\/it\/wp-json\/wp\/v2\/categories?post=651"},{"taxonomy":"post_tag","embeddable":true,"href":"http:\/\/esponsorama.ad\/it\/wp-json\/wp\/v2\/tags?post=651"}],"curies":[{"name":"wp","href":"https:\/\/api.w.org\/{rel}","templated":true}]}}