{"id":6915,"date":"2017-11-11T10:24:47","date_gmt":"2017-11-11T08:24:47","guid":{"rendered":"http:\/\/esponsorama.ad\/?p=6915"},"modified":"2017-11-11T10:27:46","modified_gmt":"2017-11-11T08:27:46","slug":"barbera-baz-comienzan-preparar-la-ultima-carrera-del-ano","status":"publish","type":"post","link":"http:\/\/esponsorama.ad\/ca\/barbera-baz-comienzan-preparar-la-ultima-carrera-del-ano\/","title":{"rendered":"Barber\u00e1 i Baz comencen a preparar l&#8217;\u00faltima carrera de l&#8217;any"},"content":{"rendered":"<p>L&#8217;acci\u00f3 ha comen\u00e7at avui al Circuit Ricardo Tormo i els pilots de l&#8217;equip Reale Avintia Racing, H\u00e9ctor Barber\u00e1 i Loris Baz han comen\u00e7at a treballar en la posada a punt de les seves Ducati per la cursa a 30 voltes del diumenge. Barber\u00e0, que a m\u00e9s corre a casa, ha millorat considerablement del mat\u00ed a la tarda despr\u00e9s de provar fins a tres configuracions diferents en la seva moto. L&#8217;espanyol ha acabat 18\u00e8 en la combinada de temps, per\u00f2 a nom\u00e9s unes d\u00e8cimes del des\u00e8 m\u00e9s r\u00e0pid. Dem\u00e0 espera poder donar un altre salt i millorar la seva posici\u00f3 a la graella.<\/p>\n<p>Per Loris Baz del primer dia ha estat una mica m\u00e9s complicat. El Ricardo Tormo mai ha estat un circuit f\u00e0cil per a Ducati i Baz est\u00e0 patint per poder aconseguir una bona volta. Per aix\u00f2 s&#8217;ha centrat en la posada a punt de carrera per aconseguir un bon ritme que li permeti ser competitiu en la carrera.<\/p>\n<p>Les dues primeres sessions lliures s&#8217;han disputat sota un sol radiant i per dem\u00e0 les previsions s\u00f3n igual de bones.<\/p>\n\n<p>&#8220;Ha estat un dia una mica estrany. La jornada no ha anat com esper\u00e0vem, per\u00f2 s\u00ed estem a prop, ja que en dues d\u00e8cimes entrar\u00edem dins del top 10. Hem de millorar molt per a la cursa, i m\u00e9s en un cap de setmana tan especial com aquesta en la qual hem de fer-ho molt b\u00e9. Seguim provant coses, del mat\u00ed al vespre hem tingut tres motos diferents. Sembla que hem trobat alguna cosa per millorar mig segon i aix\u00ed poder-nos classificar b\u00e9 dem\u00e0. Aquest cap de setmana hi ha moltes emocions , d&#8217;una banda estic trist perqu\u00e8 s&#8217;acaba l&#8217;era MotoGP, per\u00f2 de l&#8217;altra, aquest any ha estat la temporada m\u00e9s dif\u00edcil de la meva carrera esportiva.&#8221;<\/p>\n\n<p>&#8220;Aqu\u00ed sempre ha estat complicat per a aquesta moto, ja ho sabem. Aquest mat\u00ed no ha anat gens b\u00e9; hem provat una cosa que no funcionava, per\u00f2 en la tarda sembla que hem trobat el cam\u00ed. No estem malament; ens trobem a un segon i quatre d\u00e8cimes de Lorenzo, que ha fet el millor temps; H\u00e8ctor i \u00c1lvaro estan just davant. Aquest tra\u00e7at no \u00e9s bo per a aquesta moto. Dem\u00e0 intentarem buscar el millor ritme possible per al diumenge. A veure si en carrera, tenint bon ritme, podem fer millor resultat, ja que una volta r\u00e0pida \u00e9s impossible.\u201d<\/p>\n","protected":false},"excerpt":{"rendered":"<p>L&#8217;acci\u00f3 ha comen\u00e7at avui al Circuit Ricardo Tormo i els pilots de l&#8217;equip Reale Avintia Racing, H\u00e9ctor Barber\u00e1 i Loris Baz han comen\u00e7at a treballar en la posada a punt de les seves Ducati per la cursa a 30 voltes del diumenge. Barber\u00e0, que a m\u00e9s corre a casa, ha millorat considerablement del mat\u00ed a [&hellip;]<\/p>\n","protected":false},"author":6,"featured_media":6907,"comment_status":"closed","ping_status":"closed","sticky":false,"template":"","format":"standard","meta":{"footnotes":""},"categories":[3],"tags":[],"class_list":["post-6915","post","type-post","status-publish","format-standard","has-post-thumbnail","hentry","category-motogp"],"yoast_head":"<!-- This site is optimized with the Yoast SEO plugin v27.1.1 - https:\/\/yoast.com\/product\/yoast-seo-wordpress\/ -->\n<title>Barber\u00e1 i Baz comencen a preparar l&#039;\u00faltima carrera de l&#039;any - Esponsorama<\/title>\n<meta name=\"robots\" content=\"index, follow, max-snippet:-1, max-image-preview:large, max-video-preview:-1\" \/>\n<link rel=\"canonical\" href=\"http:\/\/esponsorama.ad\/ca\/barbera-baz-comienzan-preparar-la-ultima-carrera-del-ano\/\" \/>\n<meta property=\"og:locale\" content=\"it_IT\" \/>\n<meta property=\"og:type\" content=\"article\" \/>\n<meta property=\"og:title\" content=\"Barber\u00e1 i Baz comencen a preparar l&#039;\u00faltima carrera de l&#039;any - Esponsorama\" \/>\n<meta property=\"og:description\" content=\"L&#8217;acci\u00f3 ha comen\u00e7at avui al Circuit Ricardo Tormo i els pilots de l&#8217;equip Reale Avintia Racing, H\u00e9ctor Barber\u00e1 i Loris Baz han comen\u00e7at a treballar en la posada a punt de les seves Ducati per la cursa a 30 voltes del diumenge. Barber\u00e0, que a m\u00e9s corre a casa, ha millorat considerablement del mat\u00ed a [&hellip;]\" \/>\n<meta property=\"og:url\" content=\"http:\/\/esponsorama.ad\/ca\/barbera-baz-comienzan-preparar-la-ultima-carrera-del-ano\/\" \/>\n<meta property=\"og:site_name\" content=\"Esponsorama\" \/>\n<meta property=\"article:published_time\" content=\"2017-11-11T08:24:47+00:00\" \/>\n<meta property=\"article:modified_time\" content=\"2017-11-11T08:27:46+00:00\" \/>\n<meta property=\"og:image\" content=\"http:\/\/esponsorama.ad\/wp-content\/uploads\/2017\/11\/18VALENCIA17Mgp-9082-1024x683.jpg\" \/>\n\t<meta property=\"og:image:width\" content=\"1024\" \/>\n\t<meta property=\"og:image:height\" content=\"683\" \/>\n\t<meta property=\"og:image:type\" content=\"image\/jpeg\" \/>\n<meta name=\"author\" content=\"Xavi Andornet\" \/>\n<meta name=\"twitter:card\" content=\"summary_large_image\" \/>\n<meta name=\"twitter:label1\" content=\"Written by\" \/>\n\t<meta name=\"twitter:data1\" content=\"Xavi Andornet\" \/>\n\t<meta name=\"twitter:label2\" content=\"Est. reading time\" \/>\n\t<meta name=\"twitter:data2\" content=\"2 minutes\" \/>\n<script type=\"application\/ld+json\" class=\"yoast-schema-graph\">{\"@context\":\"https:\/\/schema.org\",\"@graph\":[{\"@type\":\"Article\",\"@id\":\"http:\/\/esponsorama.ad\/ca\/barbera-baz-comienzan-preparar-la-ultima-carrera-del-ano\/#article\",\"isPartOf\":{\"@id\":\"http:\/\/esponsorama.ad\/ca\/barbera-baz-comienzan-preparar-la-ultima-carrera-del-ano\/\"},\"author\":{\"name\":\"Xavi Andornet\",\"@id\":\"http:\/\/esponsorama.ad\/es\/#\/schema\/person\/a5cde74945183d737066e46b61c6f9c4\"},\"headline\":\"Barber\u00e1 i Baz comencen a preparar l&#8217;\u00faltima carrera de l&#8217;any\",\"datePublished\":\"2017-11-11T08:24:47+00:00\",\"dateModified\":\"2017-11-11T08:27:46+00:00\",\"mainEntityOfPage\":{\"@id\":\"http:\/\/esponsorama.ad\/ca\/barbera-baz-comienzan-preparar-la-ultima-carrera-del-ano\/\"},\"wordCount\":435,\"image\":{\"@id\":\"http:\/\/esponsorama.ad\/ca\/barbera-baz-comienzan-preparar-la-ultima-carrera-del-ano\/#primaryimage\"},\"thumbnailUrl\":\"http:\/\/esponsorama.ad\/wp-content\/uploads\/2017\/11\/18VALENCIA17Mgp-9082.jpg\",\"articleSection\":[\"MotoGP\"],\"inLanguage\":\"it-IT\"},{\"@type\":\"WebPage\",\"@id\":\"http:\/\/esponsorama.ad\/ca\/barbera-baz-comienzan-preparar-la-ultima-carrera-del-ano\/\",\"url\":\"http:\/\/esponsorama.ad\/ca\/barbera-baz-comienzan-preparar-la-ultima-carrera-del-ano\/\",\"name\":\"Barber\u00e1 i Baz comencen a preparar l'\u00faltima carrera de l'any - Esponsorama\",\"isPartOf\":{\"@id\":\"http:\/\/esponsorama.ad\/es\/#website\"},\"primaryImageOfPage\":{\"@id\":\"http:\/\/esponsorama.ad\/ca\/barbera-baz-comienzan-preparar-la-ultima-carrera-del-ano\/#primaryimage\"},\"image\":{\"@id\":\"http:\/\/esponsorama.ad\/ca\/barbera-baz-comienzan-preparar-la-ultima-carrera-del-ano\/#primaryimage\"},\"thumbnailUrl\":\"http:\/\/esponsorama.ad\/wp-content\/uploads\/2017\/11\/18VALENCIA17Mgp-9082.jpg\",\"datePublished\":\"2017-11-11T08:24:47+00:00\",\"dateModified\":\"2017-11-11T08:27:46+00:00\",\"author\":{\"@id\":\"http:\/\/esponsorama.ad\/es\/#\/schema\/person\/a5cde74945183d737066e46b61c6f9c4\"},\"breadcrumb\":{\"@id\":\"http:\/\/esponsorama.ad\/ca\/barbera-baz-comienzan-preparar-la-ultima-carrera-del-ano\/#breadcrumb\"},\"inLanguage\":\"it-IT\",\"potentialAction\":[{\"@type\":\"ReadAction\",\"target\":[\"http:\/\/esponsorama.ad\/ca\/barbera-baz-comienzan-preparar-la-ultima-carrera-del-ano\/\"]}]},{\"@type\":\"ImageObject\",\"inLanguage\":\"it-IT\",\"@id\":\"http:\/\/esponsorama.ad\/ca\/barbera-baz-comienzan-preparar-la-ultima-carrera-del-ano\/#primaryimage\",\"url\":\"http:\/\/esponsorama.ad\/wp-content\/uploads\/2017\/11\/18VALENCIA17Mgp-9082.jpg\",\"contentUrl\":\"http:\/\/esponsorama.ad\/wp-content\/uploads\/2017\/11\/18VALENCIA17Mgp-9082.jpg\",\"width\":4434,\"height\":2956},{\"@type\":\"BreadcrumbList\",\"@id\":\"http:\/\/esponsorama.ad\/ca\/barbera-baz-comienzan-preparar-la-ultima-carrera-del-ano\/#breadcrumb\",\"itemListElement\":[{\"@type\":\"ListItem\",\"position\":1,\"name\":\"Home\",\"item\":\"http:\/\/esponsorama.ad\/en\/\"},{\"@type\":\"ListItem\",\"position\":2,\"name\":\"Barber\u00e1 i Baz comencen a preparar l&#8217;\u00faltima carrera de l&#8217;any\"}]},{\"@type\":\"WebSite\",\"@id\":\"http:\/\/esponsorama.ad\/es\/#website\",\"url\":\"http:\/\/esponsorama.ad\/es\/\",\"name\":\"Esponsorama\",\"description\":\"Specialist in motorsport sponsorship and event promotions\",\"potentialAction\":[{\"@type\":\"SearchAction\",\"target\":{\"@type\":\"EntryPoint\",\"urlTemplate\":\"http:\/\/esponsorama.ad\/es\/?s={search_term_string}\"},\"query-input\":{\"@type\":\"PropertyValueSpecification\",\"valueRequired\":true,\"valueName\":\"search_term_string\"}}],\"inLanguage\":\"it-IT\"},{\"@type\":\"Person\",\"@id\":\"http:\/\/esponsorama.ad\/es\/#\/schema\/person\/a5cde74945183d737066e46b61c6f9c4\",\"name\":\"Xavi Andornet\",\"image\":{\"@type\":\"ImageObject\",\"inLanguage\":\"it-IT\",\"@id\":\"http:\/\/esponsorama.ad\/es\/#\/schema\/person\/image\/\",\"url\":\"https:\/\/secure.gravatar.com\/avatar\/f10eaf9ad601244a2357c9fd7cd9805ed166cfaaf76d5d9ab08a9d873e70147a?s=96&d=mm&r=g\",\"contentUrl\":\"https:\/\/secure.gravatar.com\/avatar\/f10eaf9ad601244a2357c9fd7cd9805ed166cfaaf76d5d9ab08a9d873e70147a?s=96&d=mm&r=g\",\"caption\":\"Xavi Andornet\"},\"sameAs\":[\"http:\/\/www.andornet.ad\"],\"url\":\"http:\/\/esponsorama.ad\/it\/author\/andornet\/\"}]}<\/script>\n<!-- \/ Yoast SEO plugin. -->","yoast_head_json":{"title":"Barber\u00e1 i Baz comencen a preparar l'\u00faltima carrera de l'any - Esponsorama","robots":{"index":"index","follow":"follow","max-snippet":"max-snippet:-1","max-image-preview":"max-image-preview:large","max-video-preview":"max-video-preview:-1"},"canonical":"http:\/\/esponsorama.ad\/ca\/barbera-baz-comienzan-preparar-la-ultima-carrera-del-ano\/","og_locale":"it_IT","og_type":"article","og_title":"Barber\u00e1 i Baz comencen a preparar l'\u00faltima carrera de l'any - Esponsorama","og_description":"L&#8217;acci\u00f3 ha comen\u00e7at avui al Circuit Ricardo Tormo i els pilots de l&#8217;equip Reale Avintia Racing, H\u00e9ctor Barber\u00e1 i Loris Baz han comen\u00e7at a treballar en la posada a punt de les seves Ducati per la cursa a 30 voltes del diumenge. Barber\u00e0, que a m\u00e9s corre a casa, ha millorat considerablement del mat\u00ed a [&hellip;]","og_url":"http:\/\/esponsorama.ad\/ca\/barbera-baz-comienzan-preparar-la-ultima-carrera-del-ano\/","og_site_name":"Esponsorama","article_published_time":"2017-11-11T08:24:47+00:00","article_modified_time":"2017-11-11T08:27:46+00:00","og_image":[{"width":1024,"height":683,"url":"http:\/\/esponsorama.ad\/wp-content\/uploads\/2017\/11\/18VALENCIA17Mgp-9082-1024x683.jpg","type":"image\/jpeg"}],"author":"Xavi Andornet","twitter_card":"summary_large_image","twitter_misc":{"Written by":"Xavi Andornet","Est. reading time":"2 minutes"},"schema":{"@context":"https:\/\/schema.org","@graph":[{"@type":"Article","@id":"http:\/\/esponsorama.ad\/ca\/barbera-baz-comienzan-preparar-la-ultima-carrera-del-ano\/#article","isPartOf":{"@id":"http:\/\/esponsorama.ad\/ca\/barbera-baz-comienzan-preparar-la-ultima-carrera-del-ano\/"},"author":{"name":"Xavi Andornet","@id":"http:\/\/esponsorama.ad\/es\/#\/schema\/person\/a5cde74945183d737066e46b61c6f9c4"},"headline":"Barber\u00e1 i Baz comencen a preparar l&#8217;\u00faltima carrera de l&#8217;any","datePublished":"2017-11-11T08:24:47+00:00","dateModified":"2017-11-11T08:27:46+00:00","mainEntityOfPage":{"@id":"http:\/\/esponsorama.ad\/ca\/barbera-baz-comienzan-preparar-la-ultima-carrera-del-ano\/"},"wordCount":435,"image":{"@id":"http:\/\/esponsorama.ad\/ca\/barbera-baz-comienzan-preparar-la-ultima-carrera-del-ano\/#primaryimage"},"thumbnailUrl":"http:\/\/esponsorama.ad\/wp-content\/uploads\/2017\/11\/18VALENCIA17Mgp-9082.jpg","articleSection":["MotoGP"],"inLanguage":"it-IT"},{"@type":"WebPage","@id":"http:\/\/esponsorama.ad\/ca\/barbera-baz-comienzan-preparar-la-ultima-carrera-del-ano\/","url":"http:\/\/esponsorama.ad\/ca\/barbera-baz-comienzan-preparar-la-ultima-carrera-del-ano\/","name":"Barber\u00e1 i Baz comencen a preparar l'\u00faltima carrera de l'any - Esponsorama","isPartOf":{"@id":"http:\/\/esponsorama.ad\/es\/#website"},"primaryImageOfPage":{"@id":"http:\/\/esponsorama.ad\/ca\/barbera-baz-comienzan-preparar-la-ultima-carrera-del-ano\/#primaryimage"},"image":{"@id":"http:\/\/esponsorama.ad\/ca\/barbera-baz-comienzan-preparar-la-ultima-carrera-del-ano\/#primaryimage"},"thumbnailUrl":"http:\/\/esponsorama.ad\/wp-content\/uploads\/2017\/11\/18VALENCIA17Mgp-9082.jpg","datePublished":"2017-11-11T08:24:47+00:00","dateModified":"2017-11-11T08:27:46+00:00","author":{"@id":"http:\/\/esponsorama.ad\/es\/#\/schema\/person\/a5cde74945183d737066e46b61c6f9c4"},"breadcrumb":{"@id":"http:\/\/esponsorama.ad\/ca\/barbera-baz-comienzan-preparar-la-ultima-carrera-del-ano\/#breadcrumb"},"inLanguage":"it-IT","potentialAction":[{"@type":"ReadAction","target":["http:\/\/esponsorama.ad\/ca\/barbera-baz-comienzan-preparar-la-ultima-carrera-del-ano\/"]}]},{"@type":"ImageObject","inLanguage":"it-IT","@id":"http:\/\/esponsorama.ad\/ca\/barbera-baz-comienzan-preparar-la-ultima-carrera-del-ano\/#primaryimage","url":"http:\/\/esponsorama.ad\/wp-content\/uploads\/2017\/11\/18VALENCIA17Mgp-9082.jpg","contentUrl":"http:\/\/esponsorama.ad\/wp-content\/uploads\/2017\/11\/18VALENCIA17Mgp-9082.jpg","width":4434,"height":2956},{"@type":"BreadcrumbList","@id":"http:\/\/esponsorama.ad\/ca\/barbera-baz-comienzan-preparar-la-ultima-carrera-del-ano\/#breadcrumb","itemListElement":[{"@type":"ListItem","position":1,"name":"Home","item":"http:\/\/esponsorama.ad\/en\/"},{"@type":"ListItem","position":2,"name":"Barber\u00e1 i Baz comencen a preparar l&#8217;\u00faltima carrera de l&#8217;any"}]},{"@type":"WebSite","@id":"http:\/\/esponsorama.ad\/es\/#website","url":"http:\/\/esponsorama.ad\/es\/","name":"Esponsorama","description":"Specialist in motorsport sponsorship and event promotions","potentialAction":[{"@type":"SearchAction","target":{"@type":"EntryPoint","urlTemplate":"http:\/\/esponsorama.ad\/es\/?s={search_term_string}"},"query-input":{"@type":"PropertyValueSpecification","valueRequired":true,"valueName":"search_term_string"}}],"inLanguage":"it-IT"},{"@type":"Person","@id":"http:\/\/esponsorama.ad\/es\/#\/schema\/person\/a5cde74945183d737066e46b61c6f9c4","name":"Xavi Andornet","image":{"@type":"ImageObject","inLanguage":"it-IT","@id":"http:\/\/esponsorama.ad\/es\/#\/schema\/person\/image\/","url":"https:\/\/secure.gravatar.com\/avatar\/f10eaf9ad601244a2357c9fd7cd9805ed166cfaaf76d5d9ab08a9d873e70147a?s=96&d=mm&r=g","contentUrl":"https:\/\/secure.gravatar.com\/avatar\/f10eaf9ad601244a2357c9fd7cd9805ed166cfaaf76d5d9ab08a9d873e70147a?s=96&d=mm&r=g","caption":"Xavi Andornet"},"sameAs":["http:\/\/www.andornet.ad"],"url":"http:\/\/esponsorama.ad\/it\/author\/andornet\/"}]}},"_links":{"self":[{"href":"http:\/\/esponsorama.ad\/it\/wp-json\/wp\/v2\/posts\/6915","targetHints":{"allow":["GET"]}}],"collection":[{"href":"http:\/\/esponsorama.ad\/it\/wp-json\/wp\/v2\/posts"}],"about":[{"href":"http:\/\/esponsorama.ad\/it\/wp-json\/wp\/v2\/types\/post"}],"author":[{"embeddable":true,"href":"http:\/\/esponsorama.ad\/it\/wp-json\/wp\/v2\/users\/6"}],"replies":[{"embeddable":true,"href":"http:\/\/esponsorama.ad\/it\/wp-json\/wp\/v2\/comments?post=6915"}],"version-history":[{"count":0,"href":"http:\/\/esponsorama.ad\/it\/wp-json\/wp\/v2\/posts\/6915\/revisions"}],"wp:featuredmedia":[{"embeddable":true,"href":"http:\/\/esponsorama.ad\/it\/wp-json\/wp\/v2\/media\/6907"}],"wp:attachment":[{"href":"http:\/\/esponsorama.ad\/it\/wp-json\/wp\/v2\/media?parent=6915"}],"wp:term":[{"taxonomy":"category","embeddable":true,"href":"http:\/\/esponsorama.ad\/it\/wp-json\/wp\/v2\/categories?post=6915"},{"taxonomy":"post_tag","embeddable":true,"href":"http:\/\/esponsorama.ad\/it\/wp-json\/wp\/v2\/tags?post=6915"}],"curies":[{"name":"wp","href":"https:\/\/api.w.org\/{rel}","templated":true}]}}