{"id":730,"date":"2016-09-13T08:42:26","date_gmt":"2016-09-13T06:42:26","guid":{"rendered":"http:\/\/esponsorama.ad\/?p=730"},"modified":"2016-09-14T09:50:29","modified_gmt":"2016-09-14T07:50:29","slug":"barbera-suma-tres-puntos-misano-fores-no-termina-la-carrera","status":"publish","type":"post","link":"http:\/\/esponsorama.ad\/ca\/barbera-suma-tres-puntos-misano-fores-no-termina-la-carrera\/","title":{"rendered":"En Barber\u00e0 suma tres punts a Misano, en For\u00e9s no acaba la carrera"},"content":{"rendered":"<p>El Gran Premi de San Marino ha tingut un sabor agredol\u00e7 per l&#8217;equip d\u2019Avintia Racing, perqu\u00e8 en general el rendiment de l\u2019H\u00e9ctor Barber\u00e1 en els entrenaments havia estat molt bo, per\u00f2 la falta de sensacions del valenci\u00e0 en les primeres voltes, l&#8217;han portat a acabar la carrera 13\u00ba. En Barber\u00e1 ha sumat tres punts importants per a la classificaci\u00f3 del Campionat del M\u00f3n de MotoGP, del qual ocupa la desena posici\u00f3 a falta de cinc cites. La propera tindr\u00e0 lloc a Arag\u00f3 d\u2019aqu\u00ed un parell de setmanes, i all\u00e0 espera tornar a estar lluitant entre els deu primers.<\/p>\n<p>En Xavi For\u00e9s tampoc ha tingut una carrera senzilla en la seva primera participaci\u00f3 a MotoGP substituint a Loris Baz, i despr\u00e9s de 16 voltes, s&#8217;ha vist for\u00e7at a prendre el cam\u00ed dels boxes amb problemes en el seu avantbra\u00e7 dret. Durant tot el cap de setmana ha patit per adaptar-se als frens de carboni i una moto molt diferent a la que pilota al Mundial de Superbike. I tot aix\u00f2, sumat a la tensi\u00f3 de la cursa, al final li ha passat factura. A Arag\u00f3 Baz vol tornar a l&#8217;acci\u00f3, per\u00f2 tot dependr\u00e0 de l&#8217;evoluci\u00f3 de les lesions.<\/p>\n<p><strong>H\u00c9CTOR BARBER\u00c1 | P13<\/strong><\/p>\n<p>&#8220;Ha estat una cursa for\u00e7a complicada, a l&#8217;inici no tenia bones sensacions, no podia frenar i semblava que la suspensi\u00f3 davantera no estava funcionant de lo tova que anava. Se m&#8217;ha tancat la direcci\u00f3 dues vegades i he hagut d&#8217;aixecar la moto amb el colze, perqu\u00e8 he estat a punt de caure. Per\u00f2 despr\u00e9s, conforme s&#8217;ha anat buidant el dip\u00f2sit he comen\u00e7at a anar cada vegada millor i a rodar m\u00e9s r\u00e0pid; el problema \u00e9s que he perdut tant en les primeres cinc voltes, que el grup de Bautista, Petrucci i Bradl se m&#8217;ha escapat. El m\u00e9s positiu \u00e9s que aquest cap de setmana hem tornat a recuperar el cam\u00ed per tornar a les posicions que est\u00e0vem abans de Silverstone. Ara toca preparar-se b\u00e9 per a la pr\u00f2xima carrera, que a m\u00e9s ser\u00e0 a casa. &#8221;<\/p>\n<p><strong>XAVI FOR\u00c9S | DNF<\/strong><\/p>\n<p>&#8220;He sortit bastant b\u00e9, per\u00f2 ja des de la segona corba he notat que l&#8217;adher\u00e8ncia darrere ha baixat molt en comparaci\u00f3 amb la resta del cap de setmana, i de fet, els temps que he fet en cursa han estat for\u00e7a m\u00e9s lents. En no trobar-me igual, he hagut de for\u00e7ar molt amb el fre davanter, he fet patir molt el pneum\u00e0tic, i a m\u00e9s, el bra\u00e7 dret se m&#8217;ha engarrotat. He tingut un parell d&#8217;ensurts perqu\u00e8 es tancava la direcci\u00f3 i cada vegada anava allargant m\u00e9s les traject\u00f2ries, al final he decidit parar perqu\u00e8 podia ser perill\u00f3s. Ha estat un cap de setmana complicat, per\u00f2 tamb\u00e9 he gaudit molt\u00edssim pilotant la Desmosedici. Si arriba una altra oportunitat, crec que ja coneixent la moto i l&#8217;equip, podria fer-ho millor. Vull agrair a l&#8217;equip l&#8217;oportunitat que m&#8217;han donat, perqu\u00e8 ha estat una experi\u00e8ncia incre\u00efble. &#8221;<\/p>\n<p>&nbsp;<\/p>\n<div id='gallery-1' class='gallery galleryid-730 gallery-columns-5 gallery-size-thumbnail'><figure class='gallery-item'>\n\t\t\t<div class='gallery-icon landscape'>\n\t\t\t\t<a href='http:\/\/esponsorama.ad\/wp-content\/uploads\/2016\/09\/13_MISANO-4641.jpg' title=\"\" data-rl_title=\"\" class=\"rl-gallery-link\" data-rl_caption=\"\" data-rel=\"lightbox-gallery-1\"><img loading=\"lazy\" decoding=\"async\" width=\"150\" height=\"150\" src=\"http:\/\/esponsorama.ad\/wp-content\/uploads\/2016\/09\/13_MISANO-4641-150x150.jpg\" class=\"attachment-thumbnail size-thumbnail\" alt=\"\" \/><\/a>\n\t\t\t<\/div><\/figure><figure class='gallery-item'>\n\t\t\t<div class='gallery-icon landscape'>\n\t\t\t\t<a href='http:\/\/esponsorama.ad\/wp-content\/uploads\/2016\/09\/13_MISANO-4679.jpg' title=\"\" data-rl_title=\"\" class=\"rl-gallery-link\" data-rl_caption=\"\" data-rel=\"lightbox-gallery-1\"><img loading=\"lazy\" decoding=\"async\" width=\"150\" height=\"150\" src=\"http:\/\/esponsorama.ad\/wp-content\/uploads\/2016\/09\/13_MISANO-4679-150x150.jpg\" class=\"attachment-thumbnail size-thumbnail\" alt=\"\" \/><\/a>\n\t\t\t<\/div><\/figure><figure class='gallery-item'>\n\t\t\t<div class='gallery-icon landscape'>\n\t\t\t\t<a href='http:\/\/esponsorama.ad\/wp-content\/uploads\/2016\/09\/13_MISANO-5190.jpg' title=\"\" data-rl_title=\"\" class=\"rl-gallery-link\" data-rl_caption=\"\" data-rel=\"lightbox-gallery-1\"><img loading=\"lazy\" decoding=\"async\" width=\"150\" height=\"150\" src=\"http:\/\/esponsorama.ad\/wp-content\/uploads\/2016\/09\/13_MISANO-5190-150x150.jpg\" class=\"attachment-thumbnail size-thumbnail\" alt=\"\" \/><\/a>\n\t\t\t<\/div><\/figure><figure class='gallery-item'>\n\t\t\t<div class='gallery-icon landscape'>\n\t\t\t\t<a href='http:\/\/esponsorama.ad\/wp-content\/uploads\/2016\/09\/13_MISANO-5287.jpg' title=\"\" data-rl_title=\"\" class=\"rl-gallery-link\" data-rl_caption=\"\" data-rel=\"lightbox-gallery-1\"><img loading=\"lazy\" decoding=\"async\" width=\"150\" height=\"150\" src=\"http:\/\/esponsorama.ad\/wp-content\/uploads\/2016\/09\/13_MISANO-5287-150x150.jpg\" class=\"attachment-thumbnail size-thumbnail\" alt=\"\" \/><\/a>\n\t\t\t<\/div><\/figure><figure class='gallery-item'>\n\t\t\t<div class='gallery-icon landscape'>\n\t\t\t\t<a href='http:\/\/esponsorama.ad\/wp-content\/uploads\/2016\/09\/13_MISANO-4779.jpg' title=\"\" data-rl_title=\"\" class=\"rl-gallery-link\" data-rl_caption=\"\" data-rel=\"lightbox-gallery-1\"><img loading=\"lazy\" decoding=\"async\" width=\"150\" height=\"150\" src=\"http:\/\/esponsorama.ad\/wp-content\/uploads\/2016\/09\/13_MISANO-4779-150x150.jpg\" class=\"attachment-thumbnail size-thumbnail\" alt=\"\" \/><\/a>\n\t\t\t<\/div><\/figure>\n\t\t<\/div>\n\n","protected":false},"excerpt":{"rendered":"<p>El Gran Premi de San Marino ha tingut un sabor agredol\u00e7 per l&#8217;equip d\u2019Avintia Racing, perqu\u00e8 en general el rendiment de l\u2019H\u00e9ctor Barber\u00e1 en els entrenaments havia estat molt bo, per\u00f2 la falta de sensacions del valenci\u00e0 en les primeres voltes, l&#8217;han portat a acabar la carrera 13\u00ba. En Barber\u00e1 ha sumat tres punts importants [&hellip;]<\/p>\n","protected":false},"author":6,"featured_media":732,"comment_status":"closed","ping_status":"closed","sticky":false,"template":"","format":"standard","meta":{"footnotes":""},"categories":[3],"tags":[],"class_list":["post-730","post","type-post","status-publish","format-standard","has-post-thumbnail","hentry","category-motogp"],"yoast_head":"<!-- This site is optimized with the Yoast SEO plugin v27.1.1 - https:\/\/yoast.com\/product\/yoast-seo-wordpress\/ -->\n<title>En Barber\u00e0 suma tres punts a Misano, en For\u00e9s no acaba la carrera - Esponsorama<\/title>\n<meta name=\"robots\" content=\"index, follow, max-snippet:-1, max-image-preview:large, max-video-preview:-1\" \/>\n<link rel=\"canonical\" href=\"http:\/\/esponsorama.ad\/ca\/barbera-suma-tres-puntos-misano-fores-no-termina-la-carrera\/\" \/>\n<meta property=\"og:locale\" content=\"it_IT\" \/>\n<meta property=\"og:type\" content=\"article\" \/>\n<meta property=\"og:title\" content=\"En Barber\u00e0 suma tres punts a Misano, en For\u00e9s no acaba la carrera - Esponsorama\" \/>\n<meta property=\"og:description\" content=\"El Gran Premi de San Marino ha tingut un sabor agredol\u00e7 per l&#8217;equip d\u2019Avintia Racing, perqu\u00e8 en general el rendiment de l\u2019H\u00e9ctor Barber\u00e1 en els entrenaments havia estat molt bo, per\u00f2 la falta de sensacions del valenci\u00e0 en les primeres voltes, l&#8217;han portat a acabar la carrera 13\u00ba. En Barber\u00e1 ha sumat tres punts importants [&hellip;]\" \/>\n<meta property=\"og:url\" content=\"http:\/\/esponsorama.ad\/ca\/barbera-suma-tres-puntos-misano-fores-no-termina-la-carrera\/\" \/>\n<meta property=\"og:site_name\" content=\"Esponsorama\" \/>\n<meta property=\"article:published_time\" content=\"2016-09-13T06:42:26+00:00\" \/>\n<meta property=\"article:modified_time\" content=\"2016-09-14T07:50:29+00:00\" \/>\n<meta property=\"og:image\" content=\"http:\/\/esponsorama.ad\/wp-content\/uploads\/2016\/09\/13_MISANO-4679.jpg\" \/>\n\t<meta property=\"og:image:width\" content=\"4398\" \/>\n\t<meta property=\"og:image:height\" content=\"2932\" \/>\n\t<meta property=\"og:image:type\" content=\"image\/jpeg\" \/>\n<meta name=\"author\" content=\"Xavi Andornet\" \/>\n<meta name=\"twitter:card\" content=\"summary_large_image\" \/>\n<meta name=\"twitter:label1\" content=\"Written by\" \/>\n\t<meta name=\"twitter:data1\" content=\"Xavi Andornet\" \/>\n\t<meta name=\"twitter:label2\" content=\"Est. reading time\" \/>\n\t<meta name=\"twitter:data2\" content=\"3 minutes\" \/>\n<script type=\"application\/ld+json\" class=\"yoast-schema-graph\">{\"@context\":\"https:\/\/schema.org\",\"@graph\":[{\"@type\":\"Article\",\"@id\":\"http:\/\/esponsorama.ad\/ca\/barbera-suma-tres-puntos-misano-fores-no-termina-la-carrera\/#article\",\"isPartOf\":{\"@id\":\"http:\/\/esponsorama.ad\/ca\/barbera-suma-tres-puntos-misano-fores-no-termina-la-carrera\/\"},\"author\":{\"name\":\"Xavi Andornet\",\"@id\":\"http:\/\/esponsorama.ad\/es\/#\/schema\/person\/a5cde74945183d737066e46b61c6f9c4\"},\"headline\":\"En Barber\u00e0 suma tres punts a Misano, en For\u00e9s no acaba la carrera\",\"datePublished\":\"2016-09-13T06:42:26+00:00\",\"dateModified\":\"2016-09-14T07:50:29+00:00\",\"mainEntityOfPage\":{\"@id\":\"http:\/\/esponsorama.ad\/ca\/barbera-suma-tres-puntos-misano-fores-no-termina-la-carrera\/\"},\"wordCount\":529,\"image\":{\"@id\":\"http:\/\/esponsorama.ad\/ca\/barbera-suma-tres-puntos-misano-fores-no-termina-la-carrera\/#primaryimage\"},\"thumbnailUrl\":\"http:\/\/esponsorama.ad\/wp-content\/uploads\/2016\/09\/13_MISANO-4679.jpg\",\"articleSection\":[\"MotoGP\"],\"inLanguage\":\"it-IT\"},{\"@type\":\"WebPage\",\"@id\":\"http:\/\/esponsorama.ad\/ca\/barbera-suma-tres-puntos-misano-fores-no-termina-la-carrera\/\",\"url\":\"http:\/\/esponsorama.ad\/ca\/barbera-suma-tres-puntos-misano-fores-no-termina-la-carrera\/\",\"name\":\"En Barber\u00e0 suma tres punts a Misano, en For\u00e9s no acaba la carrera - Esponsorama\",\"isPartOf\":{\"@id\":\"http:\/\/esponsorama.ad\/es\/#website\"},\"primaryImageOfPage\":{\"@id\":\"http:\/\/esponsorama.ad\/ca\/barbera-suma-tres-puntos-misano-fores-no-termina-la-carrera\/#primaryimage\"},\"image\":{\"@id\":\"http:\/\/esponsorama.ad\/ca\/barbera-suma-tres-puntos-misano-fores-no-termina-la-carrera\/#primaryimage\"},\"thumbnailUrl\":\"http:\/\/esponsorama.ad\/wp-content\/uploads\/2016\/09\/13_MISANO-4679.jpg\",\"datePublished\":\"2016-09-13T06:42:26+00:00\",\"dateModified\":\"2016-09-14T07:50:29+00:00\",\"author\":{\"@id\":\"http:\/\/esponsorama.ad\/es\/#\/schema\/person\/a5cde74945183d737066e46b61c6f9c4\"},\"breadcrumb\":{\"@id\":\"http:\/\/esponsorama.ad\/ca\/barbera-suma-tres-puntos-misano-fores-no-termina-la-carrera\/#breadcrumb\"},\"inLanguage\":\"it-IT\",\"potentialAction\":[{\"@type\":\"ReadAction\",\"target\":[\"http:\/\/esponsorama.ad\/ca\/barbera-suma-tres-puntos-misano-fores-no-termina-la-carrera\/\"]}]},{\"@type\":\"ImageObject\",\"inLanguage\":\"it-IT\",\"@id\":\"http:\/\/esponsorama.ad\/ca\/barbera-suma-tres-puntos-misano-fores-no-termina-la-carrera\/#primaryimage\",\"url\":\"http:\/\/esponsorama.ad\/wp-content\/uploads\/2016\/09\/13_MISANO-4679.jpg\",\"contentUrl\":\"http:\/\/esponsorama.ad\/wp-content\/uploads\/2016\/09\/13_MISANO-4679.jpg\",\"width\":4398,\"height\":2932},{\"@type\":\"BreadcrumbList\",\"@id\":\"http:\/\/esponsorama.ad\/ca\/barbera-suma-tres-puntos-misano-fores-no-termina-la-carrera\/#breadcrumb\",\"itemListElement\":[{\"@type\":\"ListItem\",\"position\":1,\"name\":\"Home\",\"item\":\"http:\/\/esponsorama.ad\/en\/\"},{\"@type\":\"ListItem\",\"position\":2,\"name\":\"En Barber\u00e0 suma tres punts a Misano, en For\u00e9s no acaba la carrera\"}]},{\"@type\":\"WebSite\",\"@id\":\"http:\/\/esponsorama.ad\/es\/#website\",\"url\":\"http:\/\/esponsorama.ad\/es\/\",\"name\":\"Esponsorama\",\"description\":\"Specialist in motorsport sponsorship and event promotions\",\"potentialAction\":[{\"@type\":\"SearchAction\",\"target\":{\"@type\":\"EntryPoint\",\"urlTemplate\":\"http:\/\/esponsorama.ad\/es\/?s={search_term_string}\"},\"query-input\":{\"@type\":\"PropertyValueSpecification\",\"valueRequired\":true,\"valueName\":\"search_term_string\"}}],\"inLanguage\":\"it-IT\"},{\"@type\":\"Person\",\"@id\":\"http:\/\/esponsorama.ad\/es\/#\/schema\/person\/a5cde74945183d737066e46b61c6f9c4\",\"name\":\"Xavi Andornet\",\"image\":{\"@type\":\"ImageObject\",\"inLanguage\":\"it-IT\",\"@id\":\"http:\/\/esponsorama.ad\/es\/#\/schema\/person\/image\/\",\"url\":\"https:\/\/secure.gravatar.com\/avatar\/f10eaf9ad601244a2357c9fd7cd9805ed166cfaaf76d5d9ab08a9d873e70147a?s=96&d=mm&r=g\",\"contentUrl\":\"https:\/\/secure.gravatar.com\/avatar\/f10eaf9ad601244a2357c9fd7cd9805ed166cfaaf76d5d9ab08a9d873e70147a?s=96&d=mm&r=g\",\"caption\":\"Xavi Andornet\"},\"sameAs\":[\"http:\/\/www.andornet.ad\"],\"url\":\"http:\/\/esponsorama.ad\/it\/author\/andornet\/\"}]}<\/script>\n<!-- \/ Yoast SEO plugin. -->","yoast_head_json":{"title":"En Barber\u00e0 suma tres punts a Misano, en For\u00e9s no acaba la carrera - Esponsorama","robots":{"index":"index","follow":"follow","max-snippet":"max-snippet:-1","max-image-preview":"max-image-preview:large","max-video-preview":"max-video-preview:-1"},"canonical":"http:\/\/esponsorama.ad\/ca\/barbera-suma-tres-puntos-misano-fores-no-termina-la-carrera\/","og_locale":"it_IT","og_type":"article","og_title":"En Barber\u00e0 suma tres punts a Misano, en For\u00e9s no acaba la carrera - Esponsorama","og_description":"El Gran Premi de San Marino ha tingut un sabor agredol\u00e7 per l&#8217;equip d\u2019Avintia Racing, perqu\u00e8 en general el rendiment de l\u2019H\u00e9ctor Barber\u00e1 en els entrenaments havia estat molt bo, per\u00f2 la falta de sensacions del valenci\u00e0 en les primeres voltes, l&#8217;han portat a acabar la carrera 13\u00ba. En Barber\u00e1 ha sumat tres punts importants [&hellip;]","og_url":"http:\/\/esponsorama.ad\/ca\/barbera-suma-tres-puntos-misano-fores-no-termina-la-carrera\/","og_site_name":"Esponsorama","article_published_time":"2016-09-13T06:42:26+00:00","article_modified_time":"2016-09-14T07:50:29+00:00","og_image":[{"width":4398,"height":2932,"url":"http:\/\/esponsorama.ad\/wp-content\/uploads\/2016\/09\/13_MISANO-4679.jpg","type":"image\/jpeg"}],"author":"Xavi Andornet","twitter_card":"summary_large_image","twitter_misc":{"Written by":"Xavi Andornet","Est. reading time":"3 minutes"},"schema":{"@context":"https:\/\/schema.org","@graph":[{"@type":"Article","@id":"http:\/\/esponsorama.ad\/ca\/barbera-suma-tres-puntos-misano-fores-no-termina-la-carrera\/#article","isPartOf":{"@id":"http:\/\/esponsorama.ad\/ca\/barbera-suma-tres-puntos-misano-fores-no-termina-la-carrera\/"},"author":{"name":"Xavi Andornet","@id":"http:\/\/esponsorama.ad\/es\/#\/schema\/person\/a5cde74945183d737066e46b61c6f9c4"},"headline":"En Barber\u00e0 suma tres punts a Misano, en For\u00e9s no acaba la carrera","datePublished":"2016-09-13T06:42:26+00:00","dateModified":"2016-09-14T07:50:29+00:00","mainEntityOfPage":{"@id":"http:\/\/esponsorama.ad\/ca\/barbera-suma-tres-puntos-misano-fores-no-termina-la-carrera\/"},"wordCount":529,"image":{"@id":"http:\/\/esponsorama.ad\/ca\/barbera-suma-tres-puntos-misano-fores-no-termina-la-carrera\/#primaryimage"},"thumbnailUrl":"http:\/\/esponsorama.ad\/wp-content\/uploads\/2016\/09\/13_MISANO-4679.jpg","articleSection":["MotoGP"],"inLanguage":"it-IT"},{"@type":"WebPage","@id":"http:\/\/esponsorama.ad\/ca\/barbera-suma-tres-puntos-misano-fores-no-termina-la-carrera\/","url":"http:\/\/esponsorama.ad\/ca\/barbera-suma-tres-puntos-misano-fores-no-termina-la-carrera\/","name":"En Barber\u00e0 suma tres punts a Misano, en For\u00e9s no acaba la carrera - Esponsorama","isPartOf":{"@id":"http:\/\/esponsorama.ad\/es\/#website"},"primaryImageOfPage":{"@id":"http:\/\/esponsorama.ad\/ca\/barbera-suma-tres-puntos-misano-fores-no-termina-la-carrera\/#primaryimage"},"image":{"@id":"http:\/\/esponsorama.ad\/ca\/barbera-suma-tres-puntos-misano-fores-no-termina-la-carrera\/#primaryimage"},"thumbnailUrl":"http:\/\/esponsorama.ad\/wp-content\/uploads\/2016\/09\/13_MISANO-4679.jpg","datePublished":"2016-09-13T06:42:26+00:00","dateModified":"2016-09-14T07:50:29+00:00","author":{"@id":"http:\/\/esponsorama.ad\/es\/#\/schema\/person\/a5cde74945183d737066e46b61c6f9c4"},"breadcrumb":{"@id":"http:\/\/esponsorama.ad\/ca\/barbera-suma-tres-puntos-misano-fores-no-termina-la-carrera\/#breadcrumb"},"inLanguage":"it-IT","potentialAction":[{"@type":"ReadAction","target":["http:\/\/esponsorama.ad\/ca\/barbera-suma-tres-puntos-misano-fores-no-termina-la-carrera\/"]}]},{"@type":"ImageObject","inLanguage":"it-IT","@id":"http:\/\/esponsorama.ad\/ca\/barbera-suma-tres-puntos-misano-fores-no-termina-la-carrera\/#primaryimage","url":"http:\/\/esponsorama.ad\/wp-content\/uploads\/2016\/09\/13_MISANO-4679.jpg","contentUrl":"http:\/\/esponsorama.ad\/wp-content\/uploads\/2016\/09\/13_MISANO-4679.jpg","width":4398,"height":2932},{"@type":"BreadcrumbList","@id":"http:\/\/esponsorama.ad\/ca\/barbera-suma-tres-puntos-misano-fores-no-termina-la-carrera\/#breadcrumb","itemListElement":[{"@type":"ListItem","position":1,"name":"Home","item":"http:\/\/esponsorama.ad\/en\/"},{"@type":"ListItem","position":2,"name":"En Barber\u00e0 suma tres punts a Misano, en For\u00e9s no acaba la carrera"}]},{"@type":"WebSite","@id":"http:\/\/esponsorama.ad\/es\/#website","url":"http:\/\/esponsorama.ad\/es\/","name":"Esponsorama","description":"Specialist in motorsport sponsorship and event promotions","potentialAction":[{"@type":"SearchAction","target":{"@type":"EntryPoint","urlTemplate":"http:\/\/esponsorama.ad\/es\/?s={search_term_string}"},"query-input":{"@type":"PropertyValueSpecification","valueRequired":true,"valueName":"search_term_string"}}],"inLanguage":"it-IT"},{"@type":"Person","@id":"http:\/\/esponsorama.ad\/es\/#\/schema\/person\/a5cde74945183d737066e46b61c6f9c4","name":"Xavi Andornet","image":{"@type":"ImageObject","inLanguage":"it-IT","@id":"http:\/\/esponsorama.ad\/es\/#\/schema\/person\/image\/","url":"https:\/\/secure.gravatar.com\/avatar\/f10eaf9ad601244a2357c9fd7cd9805ed166cfaaf76d5d9ab08a9d873e70147a?s=96&d=mm&r=g","contentUrl":"https:\/\/secure.gravatar.com\/avatar\/f10eaf9ad601244a2357c9fd7cd9805ed166cfaaf76d5d9ab08a9d873e70147a?s=96&d=mm&r=g","caption":"Xavi Andornet"},"sameAs":["http:\/\/www.andornet.ad"],"url":"http:\/\/esponsorama.ad\/it\/author\/andornet\/"}]}},"_links":{"self":[{"href":"http:\/\/esponsorama.ad\/it\/wp-json\/wp\/v2\/posts\/730","targetHints":{"allow":["GET"]}}],"collection":[{"href":"http:\/\/esponsorama.ad\/it\/wp-json\/wp\/v2\/posts"}],"about":[{"href":"http:\/\/esponsorama.ad\/it\/wp-json\/wp\/v2\/types\/post"}],"author":[{"embeddable":true,"href":"http:\/\/esponsorama.ad\/it\/wp-json\/wp\/v2\/users\/6"}],"replies":[{"embeddable":true,"href":"http:\/\/esponsorama.ad\/it\/wp-json\/wp\/v2\/comments?post=730"}],"version-history":[{"count":0,"href":"http:\/\/esponsorama.ad\/it\/wp-json\/wp\/v2\/posts\/730\/revisions"}],"wp:featuredmedia":[{"embeddable":true,"href":"http:\/\/esponsorama.ad\/it\/wp-json\/wp\/v2\/media\/732"}],"wp:attachment":[{"href":"http:\/\/esponsorama.ad\/it\/wp-json\/wp\/v2\/media?parent=730"}],"wp:term":[{"taxonomy":"category","embeddable":true,"href":"http:\/\/esponsorama.ad\/it\/wp-json\/wp\/v2\/categories?post=730"},{"taxonomy":"post_tag","embeddable":true,"href":"http:\/\/esponsorama.ad\/it\/wp-json\/wp\/v2\/tags?post=730"}],"curies":[{"name":"wp","href":"https:\/\/api.w.org\/{rel}","templated":true}]}}