{"id":756,"date":"2016-10-16T10:30:44","date_gmt":"2016-10-16T08:30:44","guid":{"rendered":"http:\/\/esponsorama.ad\/?p=756"},"modified":"2016-10-18T10:38:43","modified_gmt":"2016-10-18T08:38:43","slug":"els-pilots-davintia-racing-queden-sense-premi-al-japo","status":"publish","type":"post","link":"http:\/\/esponsorama.ad\/ca\/els-pilots-davintia-racing-queden-sense-premi-al-japo\/","title":{"rendered":"Els pilots d\u2019Avintia Racing es queden sense premi al Jap\u00f3"},"content":{"rendered":"<p>El Gran Premi del Jap\u00f3 comen\u00e7ava amb grans expectatives per als pilots d\u2019Avintia Racing, sobretot per l\u2019H\u00e9ctor Barber\u00e1 que, com a premi a la seva gran temporada, ha pogut gaudir tres dies sobre la Desmosedici GP del lesionat Andrea Iannone del Ducati Team. Despr\u00e9s de classificar-vuit\u00e8 en els entrenaments, Barber\u00e0 estava decidit a lluitar en la carrera per un bon resultat, per\u00f2 al comen\u00e7ament de la novena volta, ha perdut la roda davantera de la seva moto i ha anat a terra quan lluitava amb en Pol Espargar\u00f3 per la setena posici\u00f3. S&#8217;ha aixecat per acabar la carrera, per\u00f2 ja sense opcions. A Austr\u00e0lia tindr\u00e0 una nova oportunitat amb el Ducati Team.<\/p>\n<p>Tampoc han anat b\u00e9 les coses per en Loris Baz, que sortint des del darrere ha anat agafant ritme i poc a poc ha anat recuperant m\u00e9s de tres segons de dist\u00e0ncia amb l\u2019Hiroshi Aoyama per entrar en els punts. El pilot d\u2019Avintia Racing ha arribat a estar a 0.8s del japon\u00e8s en la volta 19, per\u00f2 despr\u00e9s li ha passat factura la seva forma f\u00edsica, despr\u00e9s de dues lesions consecutives i ha acabat 16\u00e8. La part positiva \u00e9s que en Loris ha recuperat una mica la confian\u00e7a i ara arriba al seu circuit preferit, Phillip Island, on va brillar amb el seu Desmosedici GP14.2 durant la pretemporada.<\/p>\n<p>El substitut de l\u2019H\u00e9ctor Barber\u00e1 en aquesta cursa, en Mike Jones, ha acabat la seva primera cursa en MotoGP despr\u00e9s de sorprendre a molts durant el cap de setmana. El pilot australi\u00e0 de 22 anys ha acabat 18\u00e8, per\u00f2 molt content amb l&#8217;experi\u00e8ncia viscuda a Motegi. La setmana que a Phillip Island &#8220;Mad Mike&#8221; Jones tornar\u00e0 a pujar a la moto d\u2019en Barber\u00e0.<\/p>\n<p><strong>H\u00c9CTOR BARBER\u00c1 #8 P17<\/strong><\/p>\n<p>&#8220;Per a mi ha estat una oportunitat fant\u00e0stica poder pilotar la Desmosedicii GP 2016 i c\u00f3rrer per un equip de f\u00e0brica com el Ducati Team i vull donar les gr\u00e0cies a Avintia Racing per donar-me aquesta oportunitat. Per a mi tot era nou: de fet, no coneixia ni la moto, ni als nois de l&#8217;equip, per\u00f2 despr\u00e9s de cada sessi\u00f3 la situaci\u00f3 ha millorat molt. Desafortunadament en la cursa no he pogut sortir b\u00e9, especialment perqu\u00e8 l&#8217;embragatge \u00e9s molt diferent al que habitualment utilitzo, i immediatament he perdut dues posicions. M&#8217;ha portat una mica de temps passar a en Petrucci i despr\u00e9s he arribat a en Pol Espargar\u00f3, al qual he intentat avan\u00e7ar en nombroses ocasions, fins que ho he intentat amb m\u00e9s decisi\u00f3 i he tingut la mala sort de caure. Em sento malament perqu\u00e8 penso que avui podria haver acabat cinqu\u00e8 o sis\u00e8. Per\u00f2 malgrat tot, he aixecat la moto per acabar la carrera, per\u00f2 en la caiguda les dues ales s&#8217;han trencat i no he pogut tornar a pilotar b\u00e9. En qualsevol cas, ha estat una experi\u00e8ncia fant\u00e0stica i estic molt content de poder comptar amb una nova oportunitat la setmana que ve a Phillip Island. &#8221;<\/p>\n<p><strong>LORIS BAZ #76 P16<\/strong><\/p>\n<p>&#8220;He guanyat confian\u00e7a frenant en les deu primeres voltes, per\u00f2 quan vaig a la moto sento que vaig absolutament al l\u00edmit quan en realitat estic molt lluny. La part positiva \u00e9s que tinc millor feeling i que el ritme en carrera ha estat millor que en tot el cap de setmana. La part negativa \u00e9s que malgrat tot, anem lents i ens segueix faltant molt. Tamb\u00e9 m&#8217;he adonat que f\u00edsicament encara no estic al m\u00e0xim, perqu\u00e8 quan he arribat a l\u2019Aoyama estava fos. Ara anem a Phillip Island que m&#8217;agrada molt i on a la pretemporada ho vam fer molt b\u00e9. All\u00e0 tinc temps per relaxar-me i entrenar una mica abans de la cursa, aix\u00ed que espero que canvi\u00efn les coses i puguem tornar a ser competitius. &#8221;<\/p>\n<p><strong>MIKE JONES #7 P18<\/strong><\/p>\n<p>&#8220;Estic molt content, l&#8217;experi\u00e8ncia d&#8217;acabar la meva primera carrera de MotoGP ha estat incre\u00efble i sobretot ha estat fant\u00e0stic formar part de l&#8217;equip d\u2019Avintia Racing Ducati aquest cap de setmana. Han treballat molt dur per ajudar-me a aprendre molt\u00edssim, i en carrera definitivament he acumulat molta m\u00e9s experi\u00e8ncia. La meva sortida no ha estat bona, aquest mat\u00ed he practicat al warm-up i crec que m&#8217;ha anat realment b\u00e9, per\u00f2 hem canviat l&#8217;embragatge per a la carrera i quan he sortit sentia que alguna cosa anava diferent, aix\u00ed que he patit a la sortida . Per\u00f2 una vegada que he sortit, he tractat de seguir els pilots que tenia al davant, per\u00f2 he tingut alguns problemes per frenar la moto com ho feia ahir en els cronometrats. Encara que avui jo nom\u00e9s volia acabar la carrera, fos com fos, i ho he aconseguit. Vull donar les gr\u00e0cies a Avintia Racing i a Ducati per aquesta oportunitat i, a Phillip Island espero fer-ho millor. &#8221;<\/p>\n<div id='gallery-1' class='gallery galleryid-756 gallery-columns-5 gallery-size-thumbnail'><figure class='gallery-item'>\n\t\t\t<div class='gallery-icon landscape'>\n\t\t\t\t<a href='http:\/\/esponsorama.ad\/wp-content\/uploads\/2016\/10\/JOC5100.jpg' title=\"\" data-rl_title=\"\" class=\"rl-gallery-link\" data-rl_caption=\"\" data-rel=\"lightbox-gallery-1\"><img loading=\"lazy\" decoding=\"async\" width=\"150\" height=\"150\" src=\"http:\/\/esponsorama.ad\/wp-content\/uploads\/2016\/10\/JOC5100-150x150.jpg\" class=\"attachment-thumbnail size-thumbnail\" alt=\"\" \/><\/a>\n\t\t\t<\/div><\/figure><figure class='gallery-item'>\n\t\t\t<div class='gallery-icon landscape'>\n\t\t\t\t<a href='http:\/\/esponsorama.ad\/wp-content\/uploads\/2016\/10\/15_MOTEGI-3571.jpg' title=\"\" data-rl_title=\"\" class=\"rl-gallery-link\" data-rl_caption=\"\" data-rel=\"lightbox-gallery-1\"><img loading=\"lazy\" decoding=\"async\" width=\"150\" height=\"150\" src=\"http:\/\/esponsorama.ad\/wp-content\/uploads\/2016\/10\/15_MOTEGI-3571-150x150.jpg\" class=\"attachment-thumbnail size-thumbnail\" alt=\"\" \/><\/a>\n\t\t\t<\/div><\/figure><figure class='gallery-item'>\n\t\t\t<div class='gallery-icon landscape'>\n\t\t\t\t<a href='http:\/\/esponsorama.ad\/wp-content\/uploads\/2016\/10\/15_MOTEGI_AVINTIA-5893.jpg' title=\"\" data-rl_title=\"\" class=\"rl-gallery-link\" data-rl_caption=\"\" data-rel=\"lightbox-gallery-1\"><img loading=\"lazy\" decoding=\"async\" width=\"150\" height=\"150\" src=\"http:\/\/esponsorama.ad\/wp-content\/uploads\/2016\/10\/15_MOTEGI_AVINTIA-5893-150x150.jpg\" class=\"attachment-thumbnail size-thumbnail\" alt=\"\" \/><\/a>\n\t\t\t<\/div><\/figure><figure class='gallery-item'>\n\t\t\t<div class='gallery-icon landscape'>\n\t\t\t\t<a href='http:\/\/esponsorama.ad\/wp-content\/uploads\/2016\/10\/15_MOTEGI_AVINTIA-5685.jpg' title=\"\" data-rl_title=\"\" class=\"rl-gallery-link\" data-rl_caption=\"\" data-rel=\"lightbox-gallery-1\"><img loading=\"lazy\" decoding=\"async\" width=\"150\" height=\"150\" src=\"http:\/\/esponsorama.ad\/wp-content\/uploads\/2016\/10\/15_MOTEGI_AVINTIA-5685-150x150.jpg\" class=\"attachment-thumbnail size-thumbnail\" alt=\"\" \/><\/a>\n\t\t\t<\/div><\/figure><figure class='gallery-item'>\n\t\t\t<div class='gallery-icon landscape'>\n\t\t\t\t<a href='http:\/\/esponsorama.ad\/wp-content\/uploads\/2016\/10\/15_MOTEGI_AVINTIA_MGP-0956.jpg' title=\"\" data-rl_title=\"\" class=\"rl-gallery-link\" data-rl_caption=\"\" data-rel=\"lightbox-gallery-1\"><img loading=\"lazy\" decoding=\"async\" width=\"150\" height=\"150\" src=\"http:\/\/esponsorama.ad\/wp-content\/uploads\/2016\/10\/15_MOTEGI_AVINTIA_MGP-0956-150x150.jpg\" class=\"attachment-thumbnail size-thumbnail\" alt=\"\" \/><\/a>\n\t\t\t<\/div><\/figure>\n\t\t<\/div>\n\n","protected":false},"excerpt":{"rendered":"<p>El Gran Premi del Jap\u00f3 comen\u00e7ava amb grans expectatives per als pilots d\u2019Avintia Racing, sobretot per l\u2019H\u00e9ctor Barber\u00e1 que, com a premi a la seva gran temporada, ha pogut gaudir tres dies sobre la Desmosedici GP del lesionat Andrea Iannone del Ducati Team. Despr\u00e9s de classificar-vuit\u00e8 en els entrenaments, Barber\u00e0 estava decidit a lluitar en [&hellip;]<\/p>\n","protected":false},"author":6,"featured_media":757,"comment_status":"closed","ping_status":"closed","sticky":false,"template":"","format":"standard","meta":{"footnotes":""},"categories":[3],"tags":[],"class_list":["post-756","post","type-post","status-publish","format-standard","has-post-thumbnail","hentry","category-motogp"],"yoast_head":"<!-- This site is optimized with the Yoast SEO plugin v27.1.1 - https:\/\/yoast.com\/product\/yoast-seo-wordpress\/ -->\n<title>Els pilots d\u2019Avintia Racing es queden sense premi al Jap\u00f3 - Esponsorama<\/title>\n<meta name=\"robots\" content=\"index, follow, max-snippet:-1, max-image-preview:large, max-video-preview:-1\" \/>\n<link rel=\"canonical\" href=\"http:\/\/esponsorama.ad\/ca\/els-pilots-davintia-racing-queden-sense-premi-al-japo\/\" \/>\n<meta property=\"og:locale\" content=\"it_IT\" \/>\n<meta property=\"og:type\" content=\"article\" \/>\n<meta property=\"og:title\" content=\"Els pilots d\u2019Avintia Racing es queden sense premi al Jap\u00f3 - Esponsorama\" \/>\n<meta property=\"og:description\" content=\"El Gran Premi del Jap\u00f3 comen\u00e7ava amb grans expectatives per als pilots d\u2019Avintia Racing, sobretot per l\u2019H\u00e9ctor Barber\u00e1 que, com a premi a la seva gran temporada, ha pogut gaudir tres dies sobre la Desmosedici GP del lesionat Andrea Iannone del Ducati Team. Despr\u00e9s de classificar-vuit\u00e8 en els entrenaments, Barber\u00e0 estava decidit a lluitar en [&hellip;]\" \/>\n<meta property=\"og:url\" content=\"http:\/\/esponsorama.ad\/ca\/els-pilots-davintia-racing-queden-sense-premi-al-japo\/\" \/>\n<meta property=\"og:site_name\" content=\"Esponsorama\" \/>\n<meta property=\"article:published_time\" content=\"2016-10-16T08:30:44+00:00\" \/>\n<meta property=\"article:modified_time\" content=\"2016-10-18T08:38:43+00:00\" \/>\n<meta property=\"og:image\" content=\"http:\/\/esponsorama.ad\/wp-content\/uploads\/2016\/10\/JOC5100-1024x683.jpg\" \/>\n\t<meta property=\"og:image:width\" content=\"1024\" \/>\n\t<meta property=\"og:image:height\" content=\"683\" \/>\n\t<meta property=\"og:image:type\" content=\"image\/jpeg\" \/>\n<meta name=\"author\" content=\"Xavi Andornet\" \/>\n<meta name=\"twitter:card\" content=\"summary_large_image\" \/>\n<meta name=\"twitter:label1\" content=\"Written by\" \/>\n\t<meta name=\"twitter:data1\" content=\"Xavi Andornet\" \/>\n\t<meta name=\"twitter:label2\" content=\"Est. reading time\" \/>\n\t<meta name=\"twitter:data2\" content=\"4 minutes\" \/>\n<script type=\"application\/ld+json\" class=\"yoast-schema-graph\">{\"@context\":\"https:\/\/schema.org\",\"@graph\":[{\"@type\":\"Article\",\"@id\":\"http:\/\/esponsorama.ad\/ca\/els-pilots-davintia-racing-queden-sense-premi-al-japo\/#article\",\"isPartOf\":{\"@id\":\"http:\/\/esponsorama.ad\/ca\/els-pilots-davintia-racing-queden-sense-premi-al-japo\/\"},\"author\":{\"name\":\"Xavi Andornet\",\"@id\":\"http:\/\/esponsorama.ad\/es\/#\/schema\/person\/a5cde74945183d737066e46b61c6f9c4\"},\"headline\":\"Els pilots d\u2019Avintia Racing es queden sense premi al Jap\u00f3\",\"datePublished\":\"2016-10-16T08:30:44+00:00\",\"dateModified\":\"2016-10-18T08:38:43+00:00\",\"mainEntityOfPage\":{\"@id\":\"http:\/\/esponsorama.ad\/ca\/els-pilots-davintia-racing-queden-sense-premi-al-japo\/\"},\"wordCount\":835,\"image\":{\"@id\":\"http:\/\/esponsorama.ad\/ca\/els-pilots-davintia-racing-queden-sense-premi-al-japo\/#primaryimage\"},\"thumbnailUrl\":\"http:\/\/esponsorama.ad\/wp-content\/uploads\/2016\/10\/JOC5100.jpg\",\"articleSection\":[\"MotoGP\"],\"inLanguage\":\"it-IT\"},{\"@type\":\"WebPage\",\"@id\":\"http:\/\/esponsorama.ad\/ca\/els-pilots-davintia-racing-queden-sense-premi-al-japo\/\",\"url\":\"http:\/\/esponsorama.ad\/ca\/els-pilots-davintia-racing-queden-sense-premi-al-japo\/\",\"name\":\"Els pilots d\u2019Avintia Racing es queden sense premi al Jap\u00f3 - Esponsorama\",\"isPartOf\":{\"@id\":\"http:\/\/esponsorama.ad\/es\/#website\"},\"primaryImageOfPage\":{\"@id\":\"http:\/\/esponsorama.ad\/ca\/els-pilots-davintia-racing-queden-sense-premi-al-japo\/#primaryimage\"},\"image\":{\"@id\":\"http:\/\/esponsorama.ad\/ca\/els-pilots-davintia-racing-queden-sense-premi-al-japo\/#primaryimage\"},\"thumbnailUrl\":\"http:\/\/esponsorama.ad\/wp-content\/uploads\/2016\/10\/JOC5100.jpg\",\"datePublished\":\"2016-10-16T08:30:44+00:00\",\"dateModified\":\"2016-10-18T08:38:43+00:00\",\"author\":{\"@id\":\"http:\/\/esponsorama.ad\/es\/#\/schema\/person\/a5cde74945183d737066e46b61c6f9c4\"},\"breadcrumb\":{\"@id\":\"http:\/\/esponsorama.ad\/ca\/els-pilots-davintia-racing-queden-sense-premi-al-japo\/#breadcrumb\"},\"inLanguage\":\"it-IT\",\"potentialAction\":[{\"@type\":\"ReadAction\",\"target\":[\"http:\/\/esponsorama.ad\/ca\/els-pilots-davintia-racing-queden-sense-premi-al-japo\/\"]}]},{\"@type\":\"ImageObject\",\"inLanguage\":\"it-IT\",\"@id\":\"http:\/\/esponsorama.ad\/ca\/els-pilots-davintia-racing-queden-sense-premi-al-japo\/#primaryimage\",\"url\":\"http:\/\/esponsorama.ad\/wp-content\/uploads\/2016\/10\/JOC5100.jpg\",\"contentUrl\":\"http:\/\/esponsorama.ad\/wp-content\/uploads\/2016\/10\/JOC5100.jpg\",\"width\":5184,\"height\":3456},{\"@type\":\"BreadcrumbList\",\"@id\":\"http:\/\/esponsorama.ad\/ca\/els-pilots-davintia-racing-queden-sense-premi-al-japo\/#breadcrumb\",\"itemListElement\":[{\"@type\":\"ListItem\",\"position\":1,\"name\":\"Home\",\"item\":\"http:\/\/esponsorama.ad\/en\/\"},{\"@type\":\"ListItem\",\"position\":2,\"name\":\"Els pilots d\u2019Avintia Racing es queden sense premi al Jap\u00f3\"}]},{\"@type\":\"WebSite\",\"@id\":\"http:\/\/esponsorama.ad\/es\/#website\",\"url\":\"http:\/\/esponsorama.ad\/es\/\",\"name\":\"Esponsorama\",\"description\":\"Specialist in motorsport sponsorship and event promotions\",\"potentialAction\":[{\"@type\":\"SearchAction\",\"target\":{\"@type\":\"EntryPoint\",\"urlTemplate\":\"http:\/\/esponsorama.ad\/es\/?s={search_term_string}\"},\"query-input\":{\"@type\":\"PropertyValueSpecification\",\"valueRequired\":true,\"valueName\":\"search_term_string\"}}],\"inLanguage\":\"it-IT\"},{\"@type\":\"Person\",\"@id\":\"http:\/\/esponsorama.ad\/es\/#\/schema\/person\/a5cde74945183d737066e46b61c6f9c4\",\"name\":\"Xavi Andornet\",\"image\":{\"@type\":\"ImageObject\",\"inLanguage\":\"it-IT\",\"@id\":\"http:\/\/esponsorama.ad\/es\/#\/schema\/person\/image\/\",\"url\":\"https:\/\/secure.gravatar.com\/avatar\/f10eaf9ad601244a2357c9fd7cd9805ed166cfaaf76d5d9ab08a9d873e70147a?s=96&d=mm&r=g\",\"contentUrl\":\"https:\/\/secure.gravatar.com\/avatar\/f10eaf9ad601244a2357c9fd7cd9805ed166cfaaf76d5d9ab08a9d873e70147a?s=96&d=mm&r=g\",\"caption\":\"Xavi Andornet\"},\"sameAs\":[\"http:\/\/www.andornet.ad\"],\"url\":\"http:\/\/esponsorama.ad\/it\/author\/andornet\/\"}]}<\/script>\n<!-- \/ Yoast SEO plugin. -->","yoast_head_json":{"title":"Els pilots d\u2019Avintia Racing es queden sense premi al Jap\u00f3 - Esponsorama","robots":{"index":"index","follow":"follow","max-snippet":"max-snippet:-1","max-image-preview":"max-image-preview:large","max-video-preview":"max-video-preview:-1"},"canonical":"http:\/\/esponsorama.ad\/ca\/els-pilots-davintia-racing-queden-sense-premi-al-japo\/","og_locale":"it_IT","og_type":"article","og_title":"Els pilots d\u2019Avintia Racing es queden sense premi al Jap\u00f3 - Esponsorama","og_description":"El Gran Premi del Jap\u00f3 comen\u00e7ava amb grans expectatives per als pilots d\u2019Avintia Racing, sobretot per l\u2019H\u00e9ctor Barber\u00e1 que, com a premi a la seva gran temporada, ha pogut gaudir tres dies sobre la Desmosedici GP del lesionat Andrea Iannone del Ducati Team. Despr\u00e9s de classificar-vuit\u00e8 en els entrenaments, Barber\u00e0 estava decidit a lluitar en [&hellip;]","og_url":"http:\/\/esponsorama.ad\/ca\/els-pilots-davintia-racing-queden-sense-premi-al-japo\/","og_site_name":"Esponsorama","article_published_time":"2016-10-16T08:30:44+00:00","article_modified_time":"2016-10-18T08:38:43+00:00","og_image":[{"width":1024,"height":683,"url":"http:\/\/esponsorama.ad\/wp-content\/uploads\/2016\/10\/JOC5100-1024x683.jpg","type":"image\/jpeg"}],"author":"Xavi Andornet","twitter_card":"summary_large_image","twitter_misc":{"Written by":"Xavi Andornet","Est. reading time":"4 minutes"},"schema":{"@context":"https:\/\/schema.org","@graph":[{"@type":"Article","@id":"http:\/\/esponsorama.ad\/ca\/els-pilots-davintia-racing-queden-sense-premi-al-japo\/#article","isPartOf":{"@id":"http:\/\/esponsorama.ad\/ca\/els-pilots-davintia-racing-queden-sense-premi-al-japo\/"},"author":{"name":"Xavi Andornet","@id":"http:\/\/esponsorama.ad\/es\/#\/schema\/person\/a5cde74945183d737066e46b61c6f9c4"},"headline":"Els pilots d\u2019Avintia Racing es queden sense premi al Jap\u00f3","datePublished":"2016-10-16T08:30:44+00:00","dateModified":"2016-10-18T08:38:43+00:00","mainEntityOfPage":{"@id":"http:\/\/esponsorama.ad\/ca\/els-pilots-davintia-racing-queden-sense-premi-al-japo\/"},"wordCount":835,"image":{"@id":"http:\/\/esponsorama.ad\/ca\/els-pilots-davintia-racing-queden-sense-premi-al-japo\/#primaryimage"},"thumbnailUrl":"http:\/\/esponsorama.ad\/wp-content\/uploads\/2016\/10\/JOC5100.jpg","articleSection":["MotoGP"],"inLanguage":"it-IT"},{"@type":"WebPage","@id":"http:\/\/esponsorama.ad\/ca\/els-pilots-davintia-racing-queden-sense-premi-al-japo\/","url":"http:\/\/esponsorama.ad\/ca\/els-pilots-davintia-racing-queden-sense-premi-al-japo\/","name":"Els pilots d\u2019Avintia Racing es queden sense premi al Jap\u00f3 - Esponsorama","isPartOf":{"@id":"http:\/\/esponsorama.ad\/es\/#website"},"primaryImageOfPage":{"@id":"http:\/\/esponsorama.ad\/ca\/els-pilots-davintia-racing-queden-sense-premi-al-japo\/#primaryimage"},"image":{"@id":"http:\/\/esponsorama.ad\/ca\/els-pilots-davintia-racing-queden-sense-premi-al-japo\/#primaryimage"},"thumbnailUrl":"http:\/\/esponsorama.ad\/wp-content\/uploads\/2016\/10\/JOC5100.jpg","datePublished":"2016-10-16T08:30:44+00:00","dateModified":"2016-10-18T08:38:43+00:00","author":{"@id":"http:\/\/esponsorama.ad\/es\/#\/schema\/person\/a5cde74945183d737066e46b61c6f9c4"},"breadcrumb":{"@id":"http:\/\/esponsorama.ad\/ca\/els-pilots-davintia-racing-queden-sense-premi-al-japo\/#breadcrumb"},"inLanguage":"it-IT","potentialAction":[{"@type":"ReadAction","target":["http:\/\/esponsorama.ad\/ca\/els-pilots-davintia-racing-queden-sense-premi-al-japo\/"]}]},{"@type":"ImageObject","inLanguage":"it-IT","@id":"http:\/\/esponsorama.ad\/ca\/els-pilots-davintia-racing-queden-sense-premi-al-japo\/#primaryimage","url":"http:\/\/esponsorama.ad\/wp-content\/uploads\/2016\/10\/JOC5100.jpg","contentUrl":"http:\/\/esponsorama.ad\/wp-content\/uploads\/2016\/10\/JOC5100.jpg","width":5184,"height":3456},{"@type":"BreadcrumbList","@id":"http:\/\/esponsorama.ad\/ca\/els-pilots-davintia-racing-queden-sense-premi-al-japo\/#breadcrumb","itemListElement":[{"@type":"ListItem","position":1,"name":"Home","item":"http:\/\/esponsorama.ad\/en\/"},{"@type":"ListItem","position":2,"name":"Els pilots d\u2019Avintia Racing es queden sense premi al Jap\u00f3"}]},{"@type":"WebSite","@id":"http:\/\/esponsorama.ad\/es\/#website","url":"http:\/\/esponsorama.ad\/es\/","name":"Esponsorama","description":"Specialist in motorsport sponsorship and event promotions","potentialAction":[{"@type":"SearchAction","target":{"@type":"EntryPoint","urlTemplate":"http:\/\/esponsorama.ad\/es\/?s={search_term_string}"},"query-input":{"@type":"PropertyValueSpecification","valueRequired":true,"valueName":"search_term_string"}}],"inLanguage":"it-IT"},{"@type":"Person","@id":"http:\/\/esponsorama.ad\/es\/#\/schema\/person\/a5cde74945183d737066e46b61c6f9c4","name":"Xavi Andornet","image":{"@type":"ImageObject","inLanguage":"it-IT","@id":"http:\/\/esponsorama.ad\/es\/#\/schema\/person\/image\/","url":"https:\/\/secure.gravatar.com\/avatar\/f10eaf9ad601244a2357c9fd7cd9805ed166cfaaf76d5d9ab08a9d873e70147a?s=96&d=mm&r=g","contentUrl":"https:\/\/secure.gravatar.com\/avatar\/f10eaf9ad601244a2357c9fd7cd9805ed166cfaaf76d5d9ab08a9d873e70147a?s=96&d=mm&r=g","caption":"Xavi Andornet"},"sameAs":["http:\/\/www.andornet.ad"],"url":"http:\/\/esponsorama.ad\/it\/author\/andornet\/"}]}},"_links":{"self":[{"href":"http:\/\/esponsorama.ad\/it\/wp-json\/wp\/v2\/posts\/756","targetHints":{"allow":["GET"]}}],"collection":[{"href":"http:\/\/esponsorama.ad\/it\/wp-json\/wp\/v2\/posts"}],"about":[{"href":"http:\/\/esponsorama.ad\/it\/wp-json\/wp\/v2\/types\/post"}],"author":[{"embeddable":true,"href":"http:\/\/esponsorama.ad\/it\/wp-json\/wp\/v2\/users\/6"}],"replies":[{"embeddable":true,"href":"http:\/\/esponsorama.ad\/it\/wp-json\/wp\/v2\/comments?post=756"}],"version-history":[{"count":0,"href":"http:\/\/esponsorama.ad\/it\/wp-json\/wp\/v2\/posts\/756\/revisions"}],"wp:featuredmedia":[{"embeddable":true,"href":"http:\/\/esponsorama.ad\/it\/wp-json\/wp\/v2\/media\/757"}],"wp:attachment":[{"href":"http:\/\/esponsorama.ad\/it\/wp-json\/wp\/v2\/media?parent=756"}],"wp:term":[{"taxonomy":"category","embeddable":true,"href":"http:\/\/esponsorama.ad\/it\/wp-json\/wp\/v2\/categories?post=756"},{"taxonomy":"post_tag","embeddable":true,"href":"http:\/\/esponsorama.ad\/it\/wp-json\/wp\/v2\/tags?post=756"}],"curies":[{"name":"wp","href":"https:\/\/api.w.org\/{rel}","templated":true}]}}