{"id":9262,"date":"2018-05-01T16:49:37","date_gmt":"2018-05-01T14:49:37","guid":{"rendered":"http:\/\/esponsorama.ad\/?p=9262"},"modified":"2018-05-05T18:01:11","modified_gmt":"2018-05-05T16:01:11","slug":"livio-loi-reale-avintia-academy-listos-gp-espana-2","status":"publish","type":"post","link":"http:\/\/esponsorama.ad\/ca\/livio-loi-reale-avintia-academy-listos-gp-espana-2\/","title":{"rendered":"Livio Loi i el Reale Avintia Academy a punt per al GP d&#8217;Espanya"},"content":{"rendered":"<p><strong>Reale Avintia Academy &#8211; GP d&#8217;Espanya &#8211; Circuit de Jerez <\/strong><\/p>\n<p>El Campionat del M\u00f3n de Moto3 arriba aquest cap de setmana a Jerez, la primera cursa en s\u00f2l europeu del campionat. El pilot de l&#8217;equip Reale Avintia Academy, Livio Loi, arriba al Gran Premi d&#8217;Espanya molt motivat despr\u00e9s de la gran remuntada duta a terme en l&#8217;\u00faltima carrera al Circuit de les Am\u00e8riques, on va remuntar des de la 26a posici\u00f3 a la graella fins al sis\u00e8 lloc , per finalment acabar en el top 10.<\/p>\n<p>Loi cada vegada est\u00e0 m\u00e9s c\u00f2mode amb la seva KTM i el seu nou equip i, a Jerez, on ha disputat dos test hivernals, el pilot belga espera estar m\u00e9s amunt des del primer lliure de divendres.<\/p>\n\n<p>\u201cEstic desitjant arribar a Jerez perqu\u00e8 estem en una bona l\u00ednia i amb constants progressos, cada vegada que sortim a pista millorem. Hem de seguir igual de concentrats a Jerez per fer-ho b\u00e9. \u00c9s el Gran Premi de casa del meu equip i vaig a donar-ho tot per fer un gran cap de setmana i demostrar una altra vegada el nostre potencial.\u201d<\/p>\n","protected":false},"excerpt":{"rendered":"<p>Reale Avintia Academy &#8211; GP d&#8217;Espanya &#8211; Circuit de Jerez El Campionat del M\u00f3n de Moto3 arriba aquest cap de setmana a Jerez, la primera cursa en s\u00f2l europeu del campionat. El pilot de l&#8217;equip Reale Avintia Academy, Livio Loi, arriba al Gran Premi d&#8217;Espanya molt motivat despr\u00e9s de la gran remuntada duta a terme [&hellip;]<\/p>\n","protected":false},"author":6,"featured_media":9025,"comment_status":"closed","ping_status":"closed","sticky":false,"template":"","format":"standard","meta":{"footnotes":""},"categories":[12],"tags":[],"class_list":["post-9262","post","type-post","status-publish","format-standard","has-post-thumbnail","hentry"],"yoast_head":"<!-- This site is optimized with the Yoast SEO plugin v27.1.1 - https:\/\/yoast.com\/product\/yoast-seo-wordpress\/ -->\n<title>Livio Loi i el Reale Avintia Academy a punt per al GP d&#039;Espanya - Esponsorama<\/title>\n<meta name=\"robots\" content=\"index, follow, max-snippet:-1, max-image-preview:large, max-video-preview:-1\" \/>\n<link rel=\"canonical\" href=\"http:\/\/esponsorama.ad\/ca\/livio-loi-reale-avintia-academy-listos-gp-espana-2\/\" \/>\n<meta property=\"og:locale\" content=\"it_IT\" \/>\n<meta property=\"og:type\" content=\"article\" \/>\n<meta property=\"og:title\" content=\"Livio Loi i el Reale Avintia Academy a punt per al GP d&#039;Espanya - Esponsorama\" \/>\n<meta property=\"og:description\" content=\"Reale Avintia Academy &#8211; GP d&#8217;Espanya &#8211; Circuit de Jerez El Campionat del M\u00f3n de Moto3 arriba aquest cap de setmana a Jerez, la primera cursa en s\u00f2l europeu del campionat. El pilot de l&#8217;equip Reale Avintia Academy, Livio Loi, arriba al Gran Premi d&#8217;Espanya molt motivat despr\u00e9s de la gran remuntada duta a terme [&hellip;]\" \/>\n<meta property=\"og:url\" content=\"http:\/\/esponsorama.ad\/ca\/livio-loi-reale-avintia-academy-listos-gp-espana-2\/\" \/>\n<meta property=\"og:site_name\" content=\"Esponsorama\" \/>\n<meta property=\"article:published_time\" content=\"2018-05-01T14:49:37+00:00\" \/>\n<meta property=\"article:modified_time\" content=\"2018-05-05T16:01:11+00:00\" \/>\n<meta property=\"og:image\" content=\"http:\/\/esponsorama.ad\/wp-content\/uploads\/2018\/04\/03Austin18M3-4968-1024x683.jpg\" \/>\n\t<meta property=\"og:image:width\" content=\"1024\" \/>\n\t<meta property=\"og:image:height\" content=\"683\" \/>\n\t<meta property=\"og:image:type\" content=\"image\/jpeg\" \/>\n<meta name=\"author\" content=\"Xavi Andornet\" \/>\n<meta name=\"twitter:card\" content=\"summary_large_image\" \/>\n<meta name=\"twitter:label1\" content=\"Written by\" \/>\n\t<meta name=\"twitter:data1\" content=\"Xavi Andornet\" \/>\n\t<meta name=\"twitter:label2\" content=\"Est. reading time\" \/>\n\t<meta name=\"twitter:data2\" content=\"1 minute\" \/>\n<script type=\"application\/ld+json\" class=\"yoast-schema-graph\">{\"@context\":\"https:\/\/schema.org\",\"@graph\":[{\"@type\":\"Article\",\"@id\":\"http:\/\/esponsorama.ad\/ca\/livio-loi-reale-avintia-academy-listos-gp-espana-2\/#article\",\"isPartOf\":{\"@id\":\"http:\/\/esponsorama.ad\/ca\/livio-loi-reale-avintia-academy-listos-gp-espana-2\/\"},\"author\":{\"name\":\"Xavi Andornet\",\"@id\":\"http:\/\/esponsorama.ad\/es\/#\/schema\/person\/a5cde74945183d737066e46b61c6f9c4\"},\"headline\":\"Livio Loi i el Reale Avintia Academy a punt per al GP d&#8217;Espanya\",\"datePublished\":\"2018-05-01T14:49:37+00:00\",\"dateModified\":\"2018-05-05T16:01:11+00:00\",\"mainEntityOfPage\":{\"@id\":\"http:\/\/esponsorama.ad\/ca\/livio-loi-reale-avintia-academy-listos-gp-espana-2\/\"},\"wordCount\":207,\"image\":{\"@id\":\"http:\/\/esponsorama.ad\/ca\/livio-loi-reale-avintia-academy-listos-gp-espana-2\/#primaryimage\"},\"thumbnailUrl\":\"http:\/\/esponsorama.ad\/wp-content\/uploads\/2018\/04\/03Austin18M3-4968.jpg\",\"articleSection\":[\"\"],\"inLanguage\":\"it-IT\"},{\"@type\":\"WebPage\",\"@id\":\"http:\/\/esponsorama.ad\/ca\/livio-loi-reale-avintia-academy-listos-gp-espana-2\/\",\"url\":\"http:\/\/esponsorama.ad\/ca\/livio-loi-reale-avintia-academy-listos-gp-espana-2\/\",\"name\":\"Livio Loi i el Reale Avintia Academy a punt per al GP d'Espanya - Esponsorama\",\"isPartOf\":{\"@id\":\"http:\/\/esponsorama.ad\/es\/#website\"},\"primaryImageOfPage\":{\"@id\":\"http:\/\/esponsorama.ad\/ca\/livio-loi-reale-avintia-academy-listos-gp-espana-2\/#primaryimage\"},\"image\":{\"@id\":\"http:\/\/esponsorama.ad\/ca\/livio-loi-reale-avintia-academy-listos-gp-espana-2\/#primaryimage\"},\"thumbnailUrl\":\"http:\/\/esponsorama.ad\/wp-content\/uploads\/2018\/04\/03Austin18M3-4968.jpg\",\"datePublished\":\"2018-05-01T14:49:37+00:00\",\"dateModified\":\"2018-05-05T16:01:11+00:00\",\"author\":{\"@id\":\"http:\/\/esponsorama.ad\/es\/#\/schema\/person\/a5cde74945183d737066e46b61c6f9c4\"},\"breadcrumb\":{\"@id\":\"http:\/\/esponsorama.ad\/ca\/livio-loi-reale-avintia-academy-listos-gp-espana-2\/#breadcrumb\"},\"inLanguage\":\"it-IT\",\"potentialAction\":[{\"@type\":\"ReadAction\",\"target\":[\"http:\/\/esponsorama.ad\/ca\/livio-loi-reale-avintia-academy-listos-gp-espana-2\/\"]}]},{\"@type\":\"ImageObject\",\"inLanguage\":\"it-IT\",\"@id\":\"http:\/\/esponsorama.ad\/ca\/livio-loi-reale-avintia-academy-listos-gp-espana-2\/#primaryimage\",\"url\":\"http:\/\/esponsorama.ad\/wp-content\/uploads\/2018\/04\/03Austin18M3-4968.jpg\",\"contentUrl\":\"http:\/\/esponsorama.ad\/wp-content\/uploads\/2018\/04\/03Austin18M3-4968.jpg\",\"width\":4530,\"height\":3020},{\"@type\":\"BreadcrumbList\",\"@id\":\"http:\/\/esponsorama.ad\/ca\/livio-loi-reale-avintia-academy-listos-gp-espana-2\/#breadcrumb\",\"itemListElement\":[{\"@type\":\"ListItem\",\"position\":1,\"name\":\"Home\",\"item\":\"http:\/\/esponsorama.ad\/en\/\"},{\"@type\":\"ListItem\",\"position\":2,\"name\":\"Livio Loi i el Reale Avintia Academy a punt per al GP d&#8217;Espanya\"}]},{\"@type\":\"WebSite\",\"@id\":\"http:\/\/esponsorama.ad\/es\/#website\",\"url\":\"http:\/\/esponsorama.ad\/es\/\",\"name\":\"Esponsorama\",\"description\":\"Specialist in motorsport sponsorship and event promotions\",\"potentialAction\":[{\"@type\":\"SearchAction\",\"target\":{\"@type\":\"EntryPoint\",\"urlTemplate\":\"http:\/\/esponsorama.ad\/es\/?s={search_term_string}\"},\"query-input\":{\"@type\":\"PropertyValueSpecification\",\"valueRequired\":true,\"valueName\":\"search_term_string\"}}],\"inLanguage\":\"it-IT\"},{\"@type\":\"Person\",\"@id\":\"http:\/\/esponsorama.ad\/es\/#\/schema\/person\/a5cde74945183d737066e46b61c6f9c4\",\"name\":\"Xavi Andornet\",\"image\":{\"@type\":\"ImageObject\",\"inLanguage\":\"it-IT\",\"@id\":\"http:\/\/esponsorama.ad\/es\/#\/schema\/person\/image\/\",\"url\":\"https:\/\/secure.gravatar.com\/avatar\/f10eaf9ad601244a2357c9fd7cd9805ed166cfaaf76d5d9ab08a9d873e70147a?s=96&d=mm&r=g\",\"contentUrl\":\"https:\/\/secure.gravatar.com\/avatar\/f10eaf9ad601244a2357c9fd7cd9805ed166cfaaf76d5d9ab08a9d873e70147a?s=96&d=mm&r=g\",\"caption\":\"Xavi Andornet\"},\"sameAs\":[\"http:\/\/www.andornet.ad\"],\"url\":\"http:\/\/esponsorama.ad\/it\/author\/andornet\/\"}]}<\/script>\n<!-- \/ Yoast SEO plugin. -->","yoast_head_json":{"title":"Livio Loi i el Reale Avintia Academy a punt per al GP d'Espanya - Esponsorama","robots":{"index":"index","follow":"follow","max-snippet":"max-snippet:-1","max-image-preview":"max-image-preview:large","max-video-preview":"max-video-preview:-1"},"canonical":"http:\/\/esponsorama.ad\/ca\/livio-loi-reale-avintia-academy-listos-gp-espana-2\/","og_locale":"it_IT","og_type":"article","og_title":"Livio Loi i el Reale Avintia Academy a punt per al GP d'Espanya - Esponsorama","og_description":"Reale Avintia Academy &#8211; GP d&#8217;Espanya &#8211; Circuit de Jerez El Campionat del M\u00f3n de Moto3 arriba aquest cap de setmana a Jerez, la primera cursa en s\u00f2l europeu del campionat. El pilot de l&#8217;equip Reale Avintia Academy, Livio Loi, arriba al Gran Premi d&#8217;Espanya molt motivat despr\u00e9s de la gran remuntada duta a terme [&hellip;]","og_url":"http:\/\/esponsorama.ad\/ca\/livio-loi-reale-avintia-academy-listos-gp-espana-2\/","og_site_name":"Esponsorama","article_published_time":"2018-05-01T14:49:37+00:00","article_modified_time":"2018-05-05T16:01:11+00:00","og_image":[{"width":1024,"height":683,"url":"http:\/\/esponsorama.ad\/wp-content\/uploads\/2018\/04\/03Austin18M3-4968-1024x683.jpg","type":"image\/jpeg"}],"author":"Xavi Andornet","twitter_card":"summary_large_image","twitter_misc":{"Written by":"Xavi Andornet","Est. reading time":"1 minute"},"schema":{"@context":"https:\/\/schema.org","@graph":[{"@type":"Article","@id":"http:\/\/esponsorama.ad\/ca\/livio-loi-reale-avintia-academy-listos-gp-espana-2\/#article","isPartOf":{"@id":"http:\/\/esponsorama.ad\/ca\/livio-loi-reale-avintia-academy-listos-gp-espana-2\/"},"author":{"name":"Xavi Andornet","@id":"http:\/\/esponsorama.ad\/es\/#\/schema\/person\/a5cde74945183d737066e46b61c6f9c4"},"headline":"Livio Loi i el Reale Avintia Academy a punt per al GP d&#8217;Espanya","datePublished":"2018-05-01T14:49:37+00:00","dateModified":"2018-05-05T16:01:11+00:00","mainEntityOfPage":{"@id":"http:\/\/esponsorama.ad\/ca\/livio-loi-reale-avintia-academy-listos-gp-espana-2\/"},"wordCount":207,"image":{"@id":"http:\/\/esponsorama.ad\/ca\/livio-loi-reale-avintia-academy-listos-gp-espana-2\/#primaryimage"},"thumbnailUrl":"http:\/\/esponsorama.ad\/wp-content\/uploads\/2018\/04\/03Austin18M3-4968.jpg","articleSection":[""],"inLanguage":"it-IT"},{"@type":"WebPage","@id":"http:\/\/esponsorama.ad\/ca\/livio-loi-reale-avintia-academy-listos-gp-espana-2\/","url":"http:\/\/esponsorama.ad\/ca\/livio-loi-reale-avintia-academy-listos-gp-espana-2\/","name":"Livio Loi i el Reale Avintia Academy a punt per al GP d'Espanya - Esponsorama","isPartOf":{"@id":"http:\/\/esponsorama.ad\/es\/#website"},"primaryImageOfPage":{"@id":"http:\/\/esponsorama.ad\/ca\/livio-loi-reale-avintia-academy-listos-gp-espana-2\/#primaryimage"},"image":{"@id":"http:\/\/esponsorama.ad\/ca\/livio-loi-reale-avintia-academy-listos-gp-espana-2\/#primaryimage"},"thumbnailUrl":"http:\/\/esponsorama.ad\/wp-content\/uploads\/2018\/04\/03Austin18M3-4968.jpg","datePublished":"2018-05-01T14:49:37+00:00","dateModified":"2018-05-05T16:01:11+00:00","author":{"@id":"http:\/\/esponsorama.ad\/es\/#\/schema\/person\/a5cde74945183d737066e46b61c6f9c4"},"breadcrumb":{"@id":"http:\/\/esponsorama.ad\/ca\/livio-loi-reale-avintia-academy-listos-gp-espana-2\/#breadcrumb"},"inLanguage":"it-IT","potentialAction":[{"@type":"ReadAction","target":["http:\/\/esponsorama.ad\/ca\/livio-loi-reale-avintia-academy-listos-gp-espana-2\/"]}]},{"@type":"ImageObject","inLanguage":"it-IT","@id":"http:\/\/esponsorama.ad\/ca\/livio-loi-reale-avintia-academy-listos-gp-espana-2\/#primaryimage","url":"http:\/\/esponsorama.ad\/wp-content\/uploads\/2018\/04\/03Austin18M3-4968.jpg","contentUrl":"http:\/\/esponsorama.ad\/wp-content\/uploads\/2018\/04\/03Austin18M3-4968.jpg","width":4530,"height":3020},{"@type":"BreadcrumbList","@id":"http:\/\/esponsorama.ad\/ca\/livio-loi-reale-avintia-academy-listos-gp-espana-2\/#breadcrumb","itemListElement":[{"@type":"ListItem","position":1,"name":"Home","item":"http:\/\/esponsorama.ad\/en\/"},{"@type":"ListItem","position":2,"name":"Livio Loi i el Reale Avintia Academy a punt per al GP d&#8217;Espanya"}]},{"@type":"WebSite","@id":"http:\/\/esponsorama.ad\/es\/#website","url":"http:\/\/esponsorama.ad\/es\/","name":"Esponsorama","description":"Specialist in motorsport sponsorship and event promotions","potentialAction":[{"@type":"SearchAction","target":{"@type":"EntryPoint","urlTemplate":"http:\/\/esponsorama.ad\/es\/?s={search_term_string}"},"query-input":{"@type":"PropertyValueSpecification","valueRequired":true,"valueName":"search_term_string"}}],"inLanguage":"it-IT"},{"@type":"Person","@id":"http:\/\/esponsorama.ad\/es\/#\/schema\/person\/a5cde74945183d737066e46b61c6f9c4","name":"Xavi Andornet","image":{"@type":"ImageObject","inLanguage":"it-IT","@id":"http:\/\/esponsorama.ad\/es\/#\/schema\/person\/image\/","url":"https:\/\/secure.gravatar.com\/avatar\/f10eaf9ad601244a2357c9fd7cd9805ed166cfaaf76d5d9ab08a9d873e70147a?s=96&d=mm&r=g","contentUrl":"https:\/\/secure.gravatar.com\/avatar\/f10eaf9ad601244a2357c9fd7cd9805ed166cfaaf76d5d9ab08a9d873e70147a?s=96&d=mm&r=g","caption":"Xavi Andornet"},"sameAs":["http:\/\/www.andornet.ad"],"url":"http:\/\/esponsorama.ad\/it\/author\/andornet\/"}]}},"_links":{"self":[{"href":"http:\/\/esponsorama.ad\/it\/wp-json\/wp\/v2\/posts\/9262","targetHints":{"allow":["GET"]}}],"collection":[{"href":"http:\/\/esponsorama.ad\/it\/wp-json\/wp\/v2\/posts"}],"about":[{"href":"http:\/\/esponsorama.ad\/it\/wp-json\/wp\/v2\/types\/post"}],"author":[{"embeddable":true,"href":"http:\/\/esponsorama.ad\/it\/wp-json\/wp\/v2\/users\/6"}],"replies":[{"embeddable":true,"href":"http:\/\/esponsorama.ad\/it\/wp-json\/wp\/v2\/comments?post=9262"}],"version-history":[{"count":0,"href":"http:\/\/esponsorama.ad\/it\/wp-json\/wp\/v2\/posts\/9262\/revisions"}],"wp:featuredmedia":[{"embeddable":true,"href":"http:\/\/esponsorama.ad\/it\/wp-json\/wp\/v2\/media\/9025"}],"wp:attachment":[{"href":"http:\/\/esponsorama.ad\/it\/wp-json\/wp\/v2\/media?parent=9262"}],"wp:term":[{"taxonomy":"category","embeddable":true,"href":"http:\/\/esponsorama.ad\/it\/wp-json\/wp\/v2\/categories?post=9262"},{"taxonomy":"post_tag","embeddable":true,"href":"http:\/\/esponsorama.ad\/it\/wp-json\/wp\/v2\/tags?post=9262"}],"curies":[{"name":"wp","href":"https:\/\/api.w.org\/{rel}","templated":true}]}}